{"id":954,"date":"2024-06-04T09:34:24","date_gmt":"2024-06-04T07:34:24","guid":{"rendered":"https:\/\/magyar-protestansok.de\/?p=954"},"modified":"2024-06-04T09:36:24","modified_gmt":"2024-06-04T07:36:24","slug":"istentisztelet-drezdaban","status":"publish","type":"post","link":"https:\/\/magyar-protestansok.de\/?p=954","title":{"rendered":"Istentisztelet Drezd\u00e1ban"},"content":{"rendered":"\n<p class=\"has-text-align-center wp-block-paragraph\"><strong>&nbsp;\u201eNem vagytok t\u00f6bb\u00e9 idegenek \u00e9s j\u00f6vev\u00e9nyek, hanem polg\u00e1rt\u00e1rsai a szenteknek \u00e9s h\u00e1za n\u00e9pe Istennek&#8221; (Ef 2,19)<\/strong><strong><\/strong><\/p>\n\n\n\n<p class=\"has-text-align-center wp-block-paragraph\">A<br \/>Magyarorsz\u00e1gi Evang\u00e9likus Egyh\u00e1z<br \/>\u00e9s a<br \/>N\u00e9metorsz\u00e1gi Magyar-ajk\u00fa Protest\u00e1ns Gy\u00fclekezetek Sz\u00f6vets\u00e9ge<\/p>\n\n\n\n<p class=\"has-text-align-center wp-block-paragraph\">szeretettel h\u00edvja \u00e9s v\u00e1rja<br \/><br \/><\/p>\n\n\n\n<p class=\"has-text-align-center wp-block-paragraph\">a Drezd\u00e1ban \u00e9s k\u00f6rny\u00e9k\u00e9n \u00e9l\u0151 Testv\u00e9reket,<br \/>\u00f6kumenikus nyitotts\u00e1ggal, felekezett\u0151l f\u00fcggetlen\u00fcl mindenkit,<br \/>aki \u00e9rdekl\u0151dik Isten ig\u00e9je ir\u00e1nt<br \/><br \/><\/p>\n\n\n\n<p class=\"has-text-align-center wp-block-paragraph\"><strong>magyar nyelv\u0171 protest\u00e1ns istentiszteletre<\/strong><strong>,<\/strong><strong><\/strong><br \/>\u00e9s azt k\u00f6vet\u0151en szeretetvend\u00e9gs\u00e9gre.<\/p>\n\n\n\n<p class=\"has-text-align-center wp-block-paragraph\">Ig\u00e9t hirdet: G\u00e9mes P\u00e1l lelk\u00e9sz, a N\u00e9metorsz\u00e1gi Magyar-ajk\u00fa Protest\u00e1ns Gy\u00fclekezetek Sz\u00f6vets\u00e9ge eln\u00f6ke<br \/>Liturgiai szolg\u00e1latot v\u00e9gez: P\u0151cze Barnab\u00e1s, lipcsei \u00f6szt\u00f6nd\u00edjas teol\u00f3gus hallgat\u00f3<\/p>\n\n\n\n<p class=\"has-text-align-center wp-block-paragraph\">Helysz\u00edn: Drezda-Neustadti Evang\u00e9likus Egyh\u00e1zk\u00f6zs\u00e9g, St.Pauli Gy\u00fclekezet (01097 Drezda,&nbsp;Fichtenstra\u00dfe 2)<\/p>\n\n\n\n<p class=\"has-text-align-center wp-block-paragraph\">Id\u0151pont<strong>: 2024. j\u00fanius 16. vas\u00e1rnap, 10 \u00f3ra<\/strong><\/p>\n\n\n\n<p class=\"has-text-align-center wp-block-paragraph\">Szeretettel v\u00e1runk mindenkit, hogy magyar nyelven egy\u00fctt hallgathassuk Isten ig\u00e9j\u00e9t, hogy jobban megismerhess\u00fck egym\u00e1st, \u00e9s hogy besz\u00e9lgethess\u00fcnk a Drezd\u00e1ba tervezett rendszeres magyar nyelv\u0171 lelk\u00e9szi szolg\u00e1latr\u00f3l.<\/p>\n\n\n<div class=\"wp-block-image\">\n<figure class=\"aligncenter size-full\"><a href=\"https:\/\/magyar-protestansok.de\/wp-content\/uploads\/2024\/06\/image-2.png\"><img loading=\"lazy\" decoding=\"async\" width=\"1003\" height=\"312\" src=\"https:\/\/magyar-protestansok.de\/wp-content\/uploads\/2024\/06\/image-2.png\" alt=\"\" class=\"wp-image-958\" srcset=\"https:\/\/magyar-protestansok.de\/wp-content\/uploads\/2024\/06\/image-2.png 1003w, https:\/\/magyar-protestansok.de\/wp-content\/uploads\/2024\/06\/image-2-300x93.png 300w, https:\/\/magyar-protestansok.de\/wp-content\/uploads\/2024\/06\/image-2-768x239.png 768w\" sizes=\"auto, (max-width: 1003px) 100vw, 1003px\" \/><\/a><\/figure>\n<\/div>","protected":false},"excerpt":{"rendered":"<p>&nbsp;\u201eNem vagytok t\u00f6bb\u00e9 idegenek \u00e9s j\u00f6vev\u00e9nyek, hanem polg\u00e1rt\u00e1rsai a szenteknek \u00e9s h\u00e1za n\u00e9pe Istennek&#8221; (Ef 2,19) AMagyarorsz\u00e1gi Evang\u00e9likus Egyh\u00e1z\u00e9s aN\u00e9metorsz\u00e1gi Magyar-ajk\u00fa Protest\u00e1ns Gy\u00fclekezetek Sz\u00f6vets\u00e9ge szeretettel h\u00edvja \u00e9s v\u00e1rja a Drezd\u00e1ban \u00e9s k\u00f6rny\u00e9k\u00e9n \u00e9l\u0151 Testv\u00e9reket,\u00f6kumenikus nyitotts\u00e1ggal, felekezett\u0151l f\u00fcggetlen\u00fcl mindenkit,aki \u00e9rdekl\u0151dik Isten ig\u00e9je ir\u00e1nt magyar nyelv\u0171 protest\u00e1ns istentiszteletre,\u00e9s azt k\u00f6vet\u0151en szeretetvend\u00e9gs\u00e9gre. Ig\u00e9t hirdet: G\u00e9mes P\u00e1l lelk\u00e9sz, a &#8230; <span class=\"more\"><a class=\"more-link\" href=\"https:\/\/magyar-protestansok.de\/?p=954\">[Tov\u00e1bb\/ Weiter&#8230;]<\/a><\/span><\/p>\n","protected":false},"author":5,"featured_media":0,"comment_status":"closed","ping_status":"open","sticky":true,"template":"","format":"standard","meta":{"om_disable_all_campaigns":false,"_monsterinsights_skip_tracking":false,"_jetpack_newsletter_access":"","_jetpack_dont_email_post_to_subs":false,"_jetpack_newsletter_tier_id":0,"_jetpack_memberships_contains_paywalled_content":false,"_jetpack_feature_clip_id":0,"_jetpack_memberships_contains_paid_content":false,"footnotes":"","jetpack_post_was_ever_published":false},"categories":[13],"tags":[],"class_list":["entry","post","publish","author-andreas","post-954","format-standard","category-allgemein-hu"],"aioseo_notices":[],"aioseo_head":"\n\t\t<!-- All in One SEO 5.0.1.1 - aioseo.com -->\n\t<meta name=\"description\" content=\"\u201eNem vagytok t\u00f6bb\u00e9 idegenek \u00e9s j\u00f6vev\u00e9nyek, hanem polg\u00e1rt\u00e1rsai a szenteknek \u00e9s h\u00e1za n\u00e9pe Istennek&quot; (Ef 2,19) AMagyarorsz\u00e1gi Evang\u00e9likus Egyh\u00e1z\u00e9s aN\u00e9metorsz\u00e1gi Magyar-ajk\u00fa Protest\u00e1ns Gy\u00fclekezetek Sz\u00f6vets\u00e9ge szeretettel h\u00edvja \u00e9s v\u00e1rja a Drezd\u00e1ban \u00e9s k\u00f6rny\u00e9k\u00e9n \u00e9l\u0151 Testv\u00e9reket,\u00f6kumenikus nyitotts\u00e1ggal, felekezett\u0151l f\u00fcggetlen\u00fcl mindenkit,aki \u00e9rdekl\u0151dik Isten ig\u00e9je ir\u00e1nt magyar nyelv\u0171 protest\u00e1ns istentiszteletre,\u00e9s azt k\u00f6vet\u0151en szeretetvend\u00e9gs\u00e9gre. Ig\u00e9t hirdet: G\u00e9mes P\u00e1l lelk\u00e9sz, a\" \/>\n\t<meta name=\"robots\" content=\"max-image-preview:large\" \/>\n\t<meta name=\"author\" content=\"Andreas Seifert\"\/>\n\t<link rel=\"canonical\" href=\"https:\/\/magyar-protestansok.de\/?p=954\" \/>\n\t<meta name=\"generator\" content=\"All in One SEO (AIOSEO) 5.0.1.1\" \/>\n\t\t<meta property=\"og:locale\" content=\"hu_HU\" \/>\n\t\t<meta property=\"og:site_name\" content=\"magyar-protestansok.de | N\u00e9metorsz\u00e1gi Magyar-ajk\u00fa Protest\u00e1ns Gy\u00fclekezetek Sz\u00f6vets\u00e9ge\" \/>\n\t\t<meta property=\"og:type\" content=\"article\" \/>\n\t\t<meta property=\"og:title\" content=\"Istentisztelet Drezd\u00e1ban | magyar-protestansok.de\" \/>\n\t\t<meta property=\"og:description\" content=\"\u201eNem vagytok t\u00f6bb\u00e9 idegenek \u00e9s j\u00f6vev\u00e9nyek, hanem polg\u00e1rt\u00e1rsai a szenteknek \u00e9s h\u00e1za n\u00e9pe Istennek&quot; (Ef 2,19) AMagyarorsz\u00e1gi Evang\u00e9likus Egyh\u00e1z\u00e9s aN\u00e9metorsz\u00e1gi Magyar-ajk\u00fa Protest\u00e1ns Gy\u00fclekezetek Sz\u00f6vets\u00e9ge szeretettel h\u00edvja \u00e9s v\u00e1rja a Drezd\u00e1ban \u00e9s k\u00f6rny\u00e9k\u00e9n \u00e9l\u0151 Testv\u00e9reket,\u00f6kumenikus nyitotts\u00e1ggal, felekezett\u0151l f\u00fcggetlen\u00fcl mindenkit,aki \u00e9rdekl\u0151dik Isten ig\u00e9je ir\u00e1nt magyar nyelv\u0171 protest\u00e1ns istentiszteletre,\u00e9s azt k\u00f6vet\u0151en szeretetvend\u00e9gs\u00e9gre. Ig\u00e9t hirdet: G\u00e9mes P\u00e1l lelk\u00e9sz, a\" \/>\n\t\t<meta property=\"og:url\" content=\"https:\/\/magyar-protestansok.de\/?p=954\" \/>\n\t\t<meta property=\"article:published_time\" content=\"2024-06-04T07:34:24+00:00\" \/>\n\t\t<meta property=\"article:modified_time\" content=\"2024-06-04T07:36:24+00:00\" \/>\n\t\t<meta name=\"twitter:card\" content=\"summary\" \/>\n\t\t<meta name=\"twitter:title\" content=\"Istentisztelet Drezd\u00e1ban | magyar-protestansok.de\" \/>\n\t\t<meta name=\"twitter:description\" content=\"\u201eNem vagytok t\u00f6bb\u00e9 idegenek \u00e9s j\u00f6vev\u00e9nyek, hanem polg\u00e1rt\u00e1rsai a szenteknek \u00e9s h\u00e1za n\u00e9pe Istennek&quot; (Ef 2,19) AMagyarorsz\u00e1gi Evang\u00e9likus Egyh\u00e1z\u00e9s aN\u00e9metorsz\u00e1gi Magyar-ajk\u00fa Protest\u00e1ns Gy\u00fclekezetek Sz\u00f6vets\u00e9ge szeretettel h\u00edvja \u00e9s v\u00e1rja a Drezd\u00e1ban \u00e9s k\u00f6rny\u00e9k\u00e9n \u00e9l\u0151 Testv\u00e9reket,\u00f6kumenikus nyitotts\u00e1ggal, felekezett\u0151l f\u00fcggetlen\u00fcl mindenkit,aki \u00e9rdekl\u0151dik Isten ig\u00e9je ir\u00e1nt magyar nyelv\u0171 protest\u00e1ns istentiszteletre,\u00e9s azt k\u00f6vet\u0151en szeretetvend\u00e9gs\u00e9gre. Ig\u00e9t hirdet: G\u00e9mes P\u00e1l lelk\u00e9sz, a\" \/>\n\t\t<script type=\"application\/ld+json\" class=\"aioseo-schema\">\n\t\t\t{\"@context\":\"https:\\\/\\\/schema.org\",\"@graph\":[{\"@type\":\"Article\",\"@id\":\"https:\\\/\\\/magyar-protestansok.de\\\/?p=954#article\",\"name\":\"Istentisztelet Drezd\\u00e1ban | magyar-protestansok.de\",\"headline\":\"Istentisztelet Drezd\\u00e1ban\",\"author\":{\"@id\":\"https:\\\/\\\/magyar-protestansok.de\\\/?author=5#author\"},\"publisher\":{\"@id\":\"https:\\\/\\\/magyar-protestansok.de\\\/#organization\"},\"image\":{\"@type\":\"ImageObject\",\"url\":\"https:\\\/\\\/magyar-protestansok.de\\\/wp-content\\\/uploads\\\/2024\\\/06\\\/image-2.png\",\"@id\":\"https:\\\/\\\/magyar-protestansok.de\\\/?p=954\\\/#articleImage\",\"width\":1003,\"height\":312},\"datePublished\":\"2024-06-04T09:34:24+02:00\",\"dateModified\":\"2024-06-04T09:36:24+02:00\",\"inLanguage\":\"hu-HU\",\"mainEntityOfPage\":{\"@id\":\"https:\\\/\\\/magyar-protestansok.de\\\/?p=954#webpage\"},\"isPartOf\":{\"@id\":\"https:\\\/\\\/magyar-protestansok.de\\\/?p=954#webpage\"},\"articleSection\":\"Allgemein, Magyar, pll_665ec4ee2480e\"},{\"@type\":\"BreadcrumbList\",\"@id\":\"https:\\\/\\\/magyar-protestansok.de\\\/?p=954#breadcrumblist\",\"itemListElement\":[{\"@type\":\"ListItem\",\"@id\":\"https:\\\/\\\/magyar-protestansok.de#listItem\",\"position\":1,\"name\":\"Home\",\"item\":\"https:\\\/\\\/magyar-protestansok.de\",\"nextItem\":{\"@type\":\"ListItem\",\"@id\":\"https:\\\/\\\/magyar-protestansok.de\\\/?cat=13#listItem\",\"name\":\"Allgemein\"}},{\"@type\":\"ListItem\",\"@id\":\"https:\\\/\\\/magyar-protestansok.de\\\/?cat=13#listItem\",\"position\":2,\"name\":\"Allgemein\",\"item\":\"https:\\\/\\\/magyar-protestansok.de\\\/?cat=13\",\"nextItem\":{\"@type\":\"ListItem\",\"@id\":\"https:\\\/\\\/magyar-protestansok.de\\\/?p=954#listItem\",\"name\":\"Istentisztelet Drezd\\u00e1ban\"},\"previousItem\":{\"@type\":\"ListItem\",\"@id\":\"https:\\\/\\\/magyar-protestansok.de#listItem\",\"name\":\"Home\"}},{\"@type\":\"ListItem\",\"@id\":\"https:\\\/\\\/magyar-protestansok.de\\\/?p=954#listItem\",\"position\":3,\"name\":\"Istentisztelet Drezd\\u00e1ban\",\"previousItem\":{\"@type\":\"ListItem\",\"@id\":\"https:\\\/\\\/magyar-protestansok.de\\\/?cat=13#listItem\",\"name\":\"Allgemein\"}}]},{\"@type\":\"Organization\",\"@id\":\"https:\\\/\\\/magyar-protestansok.de\\\/#organization\",\"name\":\"Magyar Protest\\u00e1nsok Gy\\u00fclekezeti Sz\\u00f6vets\\u00e9ge\",\"description\":\"N\\u00e9metorsz\\u00e1gi Magyar-ajk\\u00fa Protest\\u00e1ns Gy\\u00fclekezetek Sz\\u00f6vets\\u00e9ge\",\"url\":\"https:\\\/\\\/magyar-protestansok.de\\\/\",\"logo\":{\"@type\":\"ImageObject\",\"url\":\"https:\\\/\\\/magyar-protestansok.de\\\/wp-content\\\/uploads\\\/2014\\\/07\\\/Ma-Pro-Logo1.png\",\"@id\":\"https:\\\/\\\/magyar-protestansok.de\\\/?p=954\\\/#organizationLogo\",\"width\":130,\"height\":153},\"image\":{\"@id\":\"https:\\\/\\\/magyar-protestansok.de\\\/?p=954\\\/#organizationLogo\"}},{\"@type\":\"Person\",\"@id\":\"https:\\\/\\\/magyar-protestansok.de\\\/?author=5#author\",\"url\":\"https:\\\/\\\/magyar-protestansok.de\\\/?author=5\",\"name\":\"Andreas Seifert\",\"image\":{\"@type\":\"ImageObject\",\"@id\":\"https:\\\/\\\/magyar-protestansok.de\\\/?p=954#authorImage\",\"url\":\"https:\\\/\\\/secure.gravatar.com\\\/avatar\\\/2013e3b0a4481aca5c3db16e993e75d29ed013482daba40797b6716d3c9a2bfa?s=96&d=mm&r=g\",\"width\":96,\"height\":96,\"caption\":\"Andreas Seifert\"}},{\"@type\":\"WebPage\",\"@id\":\"https:\\\/\\\/magyar-protestansok.de\\\/?p=954#webpage\",\"url\":\"https:\\\/\\\/magyar-protestansok.de\\\/?p=954\",\"name\":\"Istentisztelet Drezd\\u00e1ban | magyar-protestansok.de\",\"description\":\"\\u201eNem vagytok t\\u00f6bb\\u00e9 idegenek \\u00e9s j\\u00f6vev\\u00e9nyek, hanem polg\\u00e1rt\\u00e1rsai a szenteknek \\u00e9s h\\u00e1za n\\u00e9pe Istennek\\\" (Ef 2,19) AMagyarorsz\\u00e1gi Evang\\u00e9likus Egyh\\u00e1z\\u00e9s aN\\u00e9metorsz\\u00e1gi Magyar-ajk\\u00fa Protest\\u00e1ns Gy\\u00fclekezetek Sz\\u00f6vets\\u00e9ge szeretettel h\\u00edvja \\u00e9s v\\u00e1rja a Drezd\\u00e1ban \\u00e9s k\\u00f6rny\\u00e9k\\u00e9n \\u00e9l\\u0151 Testv\\u00e9reket,\\u00f6kumenikus nyitotts\\u00e1ggal, felekezett\\u0151l f\\u00fcggetlen\\u00fcl mindenkit,aki \\u00e9rdekl\\u0151dik Isten ig\\u00e9je ir\\u00e1nt magyar nyelv\\u0171 protest\\u00e1ns istentiszteletre,\\u00e9s azt k\\u00f6vet\\u0151en szeretetvend\\u00e9gs\\u00e9gre. Ig\\u00e9t hirdet: G\\u00e9mes P\\u00e1l lelk\\u00e9sz, a\",\"inLanguage\":\"hu-HU\",\"isPartOf\":{\"@id\":\"https:\\\/\\\/magyar-protestansok.de\\\/#website\"},\"breadcrumb\":{\"@id\":\"https:\\\/\\\/magyar-protestansok.de\\\/?p=954#breadcrumblist\"},\"author\":{\"@id\":\"https:\\\/\\\/magyar-protestansok.de\\\/?author=5#author\"},\"creator\":{\"@id\":\"https:\\\/\\\/magyar-protestansok.de\\\/?author=5#author\"},\"datePublished\":\"2024-06-04T09:34:24+02:00\",\"dateModified\":\"2024-06-04T09:36:24+02:00\"},{\"@type\":\"WebSite\",\"@id\":\"https:\\\/\\\/magyar-protestansok.de\\\/#website\",\"url\":\"https:\\\/\\\/magyar-protestansok.de\\\/\",\"name\":\"magyar-protestansok.de\",\"description\":\"N\\u00e9metorsz\\u00e1gi Magyar-ajk\\u00fa Protest\\u00e1ns Gy\\u00fclekezetek Sz\\u00f6vets\\u00e9ge\",\"inLanguage\":\"hu-HU\",\"publisher\":{\"@id\":\"https:\\\/\\\/magyar-protestansok.de\\\/#organization\"}}]}\n\t\t<\/script>\n\t\t<!-- All in One SEO -->\n\n","aioseo_head_json":{"title":"Istentisztelet Drezd\u00e1ban | magyar-protestansok.de","description":"\u201eNem vagytok t\u00f6bb\u00e9 idegenek \u00e9s j\u00f6vev\u00e9nyek, hanem polg\u00e1rt\u00e1rsai a szenteknek \u00e9s h\u00e1za n\u00e9pe Istennek\" (Ef 2,19) AMagyarorsz\u00e1gi Evang\u00e9likus Egyh\u00e1z\u00e9s aN\u00e9metorsz\u00e1gi Magyar-ajk\u00fa Protest\u00e1ns Gy\u00fclekezetek Sz\u00f6vets\u00e9ge szeretettel h\u00edvja \u00e9s v\u00e1rja a Drezd\u00e1ban \u00e9s k\u00f6rny\u00e9k\u00e9n \u00e9l\u0151 Testv\u00e9reket,\u00f6kumenikus nyitotts\u00e1ggal, felekezett\u0151l f\u00fcggetlen\u00fcl mindenkit,aki \u00e9rdekl\u0151dik Isten ig\u00e9je ir\u00e1nt magyar nyelv\u0171 protest\u00e1ns istentiszteletre,\u00e9s azt k\u00f6vet\u0151en szeretetvend\u00e9gs\u00e9gre. Ig\u00e9t hirdet: G\u00e9mes P\u00e1l lelk\u00e9sz, a","canonical_url":"https:\/\/magyar-protestansok.de\/?p=954","robots":"max-image-preview:large","keywords":"","webmasterTools":{"miscellaneous":""},"schema":{"@context":"https:\/\/schema.org","@graph":[{"@type":"Article","@id":"https:\/\/magyar-protestansok.de\/?p=954#article","name":"Istentisztelet Drezd\u00e1ban | magyar-protestansok.de","headline":"Istentisztelet Drezd\u00e1ban","author":{"@id":"https:\/\/magyar-protestansok.de\/?author=5#author"},"publisher":{"@id":"https:\/\/magyar-protestansok.de\/#organization"},"image":{"@type":"ImageObject","url":"https:\/\/magyar-protestansok.de\/wp-content\/uploads\/2024\/06\/image-2.png","@id":"https:\/\/magyar-protestansok.de\/?p=954\/#articleImage","width":1003,"height":312},"datePublished":"2024-06-04T09:34:24+02:00","dateModified":"2024-06-04T09:36:24+02:00","inLanguage":"hu-HU","mainEntityOfPage":{"@id":"https:\/\/magyar-protestansok.de\/?p=954#webpage"},"isPartOf":{"@id":"https:\/\/magyar-protestansok.de\/?p=954#webpage"},"articleSection":"Allgemein, Magyar, pll_665ec4ee2480e"},{"@type":"BreadcrumbList","@id":"https:\/\/magyar-protestansok.de\/?p=954#breadcrumblist","itemListElement":[{"@type":"ListItem","@id":"https:\/\/magyar-protestansok.de#listItem","position":1,"name":"Home","item":"https:\/\/magyar-protestansok.de","nextItem":{"@type":"ListItem","@id":"https:\/\/magyar-protestansok.de\/?cat=13#listItem","name":"Allgemein"}},{"@type":"ListItem","@id":"https:\/\/magyar-protestansok.de\/?cat=13#listItem","position":2,"name":"Allgemein","item":"https:\/\/magyar-protestansok.de\/?cat=13","nextItem":{"@type":"ListItem","@id":"https:\/\/magyar-protestansok.de\/?p=954#listItem","name":"Istentisztelet Drezd\u00e1ban"},"previousItem":{"@type":"ListItem","@id":"https:\/\/magyar-protestansok.de#listItem","name":"Home"}},{"@type":"ListItem","@id":"https:\/\/magyar-protestansok.de\/?p=954#listItem","position":3,"name":"Istentisztelet Drezd\u00e1ban","previousItem":{"@type":"ListItem","@id":"https:\/\/magyar-protestansok.de\/?cat=13#listItem","name":"Allgemein"}}]},{"@type":"Organization","@id":"https:\/\/magyar-protestansok.de\/#organization","name":"Magyar Protest\u00e1nsok Gy\u00fclekezeti Sz\u00f6vets\u00e9ge","description":"N\u00e9metorsz\u00e1gi Magyar-ajk\u00fa Protest\u00e1ns Gy\u00fclekezetek Sz\u00f6vets\u00e9ge","url":"https:\/\/magyar-protestansok.de\/","logo":{"@type":"ImageObject","url":"https:\/\/magyar-protestansok.de\/wp-content\/uploads\/2014\/07\/Ma-Pro-Logo1.png","@id":"https:\/\/magyar-protestansok.de\/?p=954\/#organizationLogo","width":130,"height":153},"image":{"@id":"https:\/\/magyar-protestansok.de\/?p=954\/#organizationLogo"}},{"@type":"Person","@id":"https:\/\/magyar-protestansok.de\/?author=5#author","url":"https:\/\/magyar-protestansok.de\/?author=5","name":"Andreas Seifert","image":{"@type":"ImageObject","@id":"https:\/\/magyar-protestansok.de\/?p=954#authorImage","url":"https:\/\/secure.gravatar.com\/avatar\/2013e3b0a4481aca5c3db16e993e75d29ed013482daba40797b6716d3c9a2bfa?s=96&d=mm&r=g","width":96,"height":96,"caption":"Andreas Seifert"}},{"@type":"WebPage","@id":"https:\/\/magyar-protestansok.de\/?p=954#webpage","url":"https:\/\/magyar-protestansok.de\/?p=954","name":"Istentisztelet Drezd\u00e1ban | magyar-protestansok.de","description":"\u201eNem vagytok t\u00f6bb\u00e9 idegenek \u00e9s j\u00f6vev\u00e9nyek, hanem polg\u00e1rt\u00e1rsai a szenteknek \u00e9s h\u00e1za n\u00e9pe Istennek\" (Ef 2,19) AMagyarorsz\u00e1gi Evang\u00e9likus Egyh\u00e1z\u00e9s aN\u00e9metorsz\u00e1gi Magyar-ajk\u00fa Protest\u00e1ns Gy\u00fclekezetek Sz\u00f6vets\u00e9ge szeretettel h\u00edvja \u00e9s v\u00e1rja a Drezd\u00e1ban \u00e9s k\u00f6rny\u00e9k\u00e9n \u00e9l\u0151 Testv\u00e9reket,\u00f6kumenikus nyitotts\u00e1ggal, felekezett\u0151l f\u00fcggetlen\u00fcl mindenkit,aki \u00e9rdekl\u0151dik Isten ig\u00e9je ir\u00e1nt magyar nyelv\u0171 protest\u00e1ns istentiszteletre,\u00e9s azt k\u00f6vet\u0151en szeretetvend\u00e9gs\u00e9gre. Ig\u00e9t hirdet: G\u00e9mes P\u00e1l lelk\u00e9sz, a","inLanguage":"hu-HU","isPartOf":{"@id":"https:\/\/magyar-protestansok.de\/#website"},"breadcrumb":{"@id":"https:\/\/magyar-protestansok.de\/?p=954#breadcrumblist"},"author":{"@id":"https:\/\/magyar-protestansok.de\/?author=5#author"},"creator":{"@id":"https:\/\/magyar-protestansok.de\/?author=5#author"},"datePublished":"2024-06-04T09:34:24+02:00","dateModified":"2024-06-04T09:36:24+02:00"},{"@type":"WebSite","@id":"https:\/\/magyar-protestansok.de\/#website","url":"https:\/\/magyar-protestansok.de\/","name":"magyar-protestansok.de","description":"N\u00e9metorsz\u00e1gi Magyar-ajk\u00fa Protest\u00e1ns Gy\u00fclekezetek Sz\u00f6vets\u00e9ge","inLanguage":"hu-HU","publisher":{"@id":"https:\/\/magyar-protestansok.de\/#organization"}}]},"og:locale":"hu_HU","og:site_name":"magyar-protestansok.de | N\u00e9metorsz\u00e1gi Magyar-ajk\u00fa Protest\u00e1ns Gy\u00fclekezetek Sz\u00f6vets\u00e9ge","og:type":"article","og:title":"Istentisztelet Drezd\u00e1ban | magyar-protestansok.de","og:description":"\u201eNem vagytok t\u00f6bb\u00e9 idegenek \u00e9s j\u00f6vev\u00e9nyek, hanem polg\u00e1rt\u00e1rsai a szenteknek \u00e9s h\u00e1za n\u00e9pe Istennek&quot; (Ef 2,19) AMagyarorsz\u00e1gi Evang\u00e9likus Egyh\u00e1z\u00e9s aN\u00e9metorsz\u00e1gi Magyar-ajk\u00fa Protest\u00e1ns Gy\u00fclekezetek Sz\u00f6vets\u00e9ge szeretettel h\u00edvja \u00e9s v\u00e1rja a Drezd\u00e1ban \u00e9s k\u00f6rny\u00e9k\u00e9n \u00e9l\u0151 Testv\u00e9reket,\u00f6kumenikus nyitotts\u00e1ggal, felekezett\u0151l f\u00fcggetlen\u00fcl mindenkit,aki \u00e9rdekl\u0151dik Isten ig\u00e9je ir\u00e1nt magyar nyelv\u0171 protest\u00e1ns istentiszteletre,\u00e9s azt k\u00f6vet\u0151en szeretetvend\u00e9gs\u00e9gre. Ig\u00e9t hirdet: G\u00e9mes P\u00e1l lelk\u00e9sz, a","og:url":"https:\/\/magyar-protestansok.de\/?p=954","article:published_time":"2024-06-04T07:34:24+00:00","article:modified_time":"2024-06-04T07:36:24+00:00","twitter:card":"summary","twitter:title":"Istentisztelet Drezd\u00e1ban | magyar-protestansok.de","twitter:description":"\u201eNem vagytok t\u00f6bb\u00e9 idegenek \u00e9s j\u00f6vev\u00e9nyek, hanem polg\u00e1rt\u00e1rsai a szenteknek \u00e9s h\u00e1za n\u00e9pe Istennek&quot; (Ef 2,19) AMagyarorsz\u00e1gi Evang\u00e9likus Egyh\u00e1z\u00e9s aN\u00e9metorsz\u00e1gi Magyar-ajk\u00fa Protest\u00e1ns Gy\u00fclekezetek Sz\u00f6vets\u00e9ge szeretettel h\u00edvja \u00e9s v\u00e1rja a Drezd\u00e1ban \u00e9s k\u00f6rny\u00e9k\u00e9n \u00e9l\u0151 Testv\u00e9reket,\u00f6kumenikus nyitotts\u00e1ggal, felekezett\u0151l f\u00fcggetlen\u00fcl mindenkit,aki \u00e9rdekl\u0151dik Isten ig\u00e9je ir\u00e1nt magyar nyelv\u0171 protest\u00e1ns istentiszteletre,\u00e9s azt k\u00f6vet\u0151en szeretetvend\u00e9gs\u00e9gre. Ig\u00e9t hirdet: G\u00e9mes P\u00e1l lelk\u00e9sz, a"},"aioseo_meta_data":{"post_id":"954","title":null,"description":null,"keywords":null,"keyphrases":{"focus":{"keyphrase":"","score":0,"analysis":{"keyphraseInTitle":{"score":0,"maxScore":9,"error":1}}},"additional":[]},"primary_term":null,"canonical_url":null,"og_title":null,"og_description":null,"og_object_type":"default","og_image_type":"default","og_image_url":null,"og_image_width":null,"og_image_height":null,"og_image_custom_url":null,"og_image_custom_fields":null,"og_video":"","og_custom_url":null,"og_article_section":null,"og_article_tags":null,"twitter_use_og":false,"twitter_card":"default","twitter_image_type":"default","twitter_image_url":null,"twitter_image_custom_url":null,"twitter_image_custom_fields":null,"twitter_title":null,"twitter_description":null,"schema":{"blockGraphs":[],"customGraphs":[],"default":{"data":{"Article":[],"Course":[],"Dataset":[],"FAQPage":[],"Movie":[],"Person":[],"Product":[],"ProductReview":[],"Car":[],"Recipe":[],"Service":[],"SoftwareApplication":[],"WebPage":[]},"graphName":"Article","isEnabled":true},"graphs":[]},"schema_type":"default","schema_type_options":null,"pillar_content":false,"robots_default":true,"robots_noindex":false,"robots_noarchive":false,"robots_nosnippet":false,"robots_nofollow":false,"robots_noimageindex":false,"robots_noodp":false,"robots_notranslate":false,"robots_max_snippet":"-1","robots_max_videopreview":"-1","robots_max_imagepreview":"large","priority":null,"frequency":"default","local_seo":null,"breadcrumb_settings":null,"limit_modified_date":false,"ai":null,"created":"2024-06-04 07:28:40","updated":"2025-06-04 07:02:37","seo_analyzer_scan_date":null,"focus_keyword":null,"additional_keywords":null,"truseo_locale":null},"aioseo_breadcrumb":"<div class=\"aioseo-breadcrumbs\"><span class=\"aioseo-breadcrumb\">\n\t\t\t<a href=\"https:\/\/magyar-protestansok.de\" title=\"Home\">Home<\/a>\n\t\t<\/span><span class=\"aioseo-breadcrumb-separator\">&raquo;<\/span><span class=\"aioseo-breadcrumb\">\n\t\t\t<a href=\"https:\/\/magyar-protestansok.de\/?cat=13\" title=\"Allgemein\">Allgemein<\/a>\n\t\t<\/span><span class=\"aioseo-breadcrumb-separator\">&raquo;<\/span><span class=\"aioseo-breadcrumb\">\n\t\t\tIstentisztelet Drezd\u00e1ban\n\t\t<\/span><\/div>","aioseo_breadcrumb_json":[{"label":"Home","link":"https:\/\/magyar-protestansok.de"},{"label":"Allgemein","link":"https:\/\/magyar-protestansok.de\/?cat=13"},{"label":"Istentisztelet Drezd\u00e1ban","link":"https:\/\/magyar-protestansok.de\/?p=954"}],"jetpack_sharing_enabled":true,"jetpack_featured_media_url":"","_links":{"self":[{"href":"https:\/\/magyar-protestansok.de\/index.php?rest_route=\/wp\/v2\/posts\/954","targetHints":{"allow":["GET"]}}],"collection":[{"href":"https:\/\/magyar-protestansok.de\/index.php?rest_route=\/wp\/v2\/posts"}],"about":[{"href":"https:\/\/magyar-protestansok.de\/index.php?rest_route=\/wp\/v2\/types\/post"}],"author":[{"embeddable":true,"href":"https:\/\/magyar-protestansok.de\/index.php?rest_route=\/wp\/v2\/users\/5"}],"replies":[{"embeddable":true,"href":"https:\/\/magyar-protestansok.de\/index.php?rest_route=%2Fwp%2Fv2%2Fcomments&post=954"}],"version-history":[{"count":0,"href":"https:\/\/magyar-protestansok.de\/index.php?rest_route=\/wp\/v2\/posts\/954\/revisions"}],"wp:attachment":[{"href":"https:\/\/magyar-protestansok.de\/index.php?rest_route=%2Fwp%2Fv2%2Fmedia&parent=954"}],"wp:term":[{"taxonomy":"category","embeddable":true,"href":"https:\/\/magyar-protestansok.de\/index.php?rest_route=%2Fwp%2Fv2%2Fcategories&post=954"},{"taxonomy":"post_tag","embeddable":true,"href":"https:\/\/magyar-protestansok.de\/index.php?rest_route=%2Fwp%2Fv2%2Ftags&post=954"}],"curies":[{"name":"wp","href":"https:\/\/api.w.org\/{rel}","templated":true}]}}