{"id":825,"date":"2020-10-29T22:41:32","date_gmt":"2020-10-29T20:41:32","guid":{"rendered":"http:\/\/magyar-protestansok.de\/?p=825"},"modified":"2020-10-29T22:41:34","modified_gmt":"2020-10-29T20:41:34","slug":"jubileumot-unnepelt-az-ulm-kornyeki-magyar-protestans-gyulekezet","status":"publish","type":"post","link":"https:\/\/magyar-protestansok.de\/?p=825","title":{"rendered":"Jubileumot \u00fcnnepelt az Ulm-k\u00f6rny\u00e9ki Magyar Protest\u00e1ns Gy\u00fclekezet"},"content":{"rendered":"\n<p class=\"wp-block-paragraph\">2020 szeptember 27.-\u00e9n meg\u00fcnnepelte 40-\u00e9ves fenn\u00e1ll\u00e1s\u00e1t &#8211; a korona-vesz\u00e9ly ellen\u00e9re \u2013 az Ulm-k\u00f6rny\u00e9ki gy\u00fclekezet. Erre a jubileumra m\u00e1r h\u00f3napokkal el\u0151bb k\u00e9sz\u00fclt a gy\u00fclekezet\u00fcnk, s b\u00e1r kisebb k\u00f6rben, mint tervezt\u00fck, de megtartottuk az \u00fcnnepi alkalmat. Nem volt egyszer\u0171 a d\u00f6nt\u00e9s, mert az \u00fajabb szigor\u00edt\u00e1sok m\u00e1r szeptemberben a \u201enyakunkon\u201c voltak&#8230;s t\u00f6bb lemond\u00e1st is kaptunk a megh\u00edvottak r\u00e9sz\u00e9r\u0151l.<\/p>\n\n\n\n<p class=\"wp-block-paragraph\">M\u00e9gis \u2013 Istennek h\u00e1l\u00e1t adva \u2013 \u00fcnnepelt\u00fcnk egy\u00fctt mintegy \u00f6tvenen Dietenheimban, az evang\u00e9likus templomban. Vel\u00fcnk \u00fcnnepelt ezen a k\u00e9t-nyelv\u0171 jubileumi istentiszteleten az ulmi n\u00e9met evang\u00e9likus prel\u00e1tus-asszony, Gabriele Wulz, valamint a helyi n\u00e9met evang\u00e9likus lelkip\u00e1sztor Thomas Breitkreuz \u00e9s a n\u00e9met gy\u00fclekezet neh\u00e1ny tagja.<\/p>\n\n\n\n<p class=\"wp-block-paragraph\">A helyi, nagy hagyom\u00e1ny\u00fa \u201eB\u00fcrgerwehr\u201c (polg\u00e1r-\u0151rs\u00e9g) fuv\u00f3s-zenekara k\u00f6sz\u00f6nt\u00f6tte m\u00e1r az istentisztelet el\u0151tt &#8211; a templom bej\u00e1rat\u00e1n\u00e1l &#8211; a jubileumra \u00f6sszegy\u00fclt gy\u00fclekezetet. Ezut\u00e1n megsz\u00f3laltak a harangok \u00e9s a gy\u00fclekezet \u2013 a 4 jelen lev\u0151 lelk\u00e9sszel az \u00e9len \u2013 bevonul a templomba. Itt elfoglaltuk a kijel\u00f6lt helyeinket \u2013 egym\u00e1st\u00f3l a megszabott t\u00e1vols\u00e1got betartva \u2013 \u00e9s a sz\u00e9pen feld\u00edsz\u00edtett templomban felhangzott az orgona, majd az ulmi gy\u00fclekezet lelk\u00e9sze &#8211; aki 40 \u00e9ve megszakit\u00e1s n\u00e9lk\u00fcl szolg\u00e1l itt &#8211; k\u00e9t nyelven k\u00f6sz\u00f6nt\u00f6tte a jubil\u00e1l\u00f3 gy\u00fclekezetet.<\/p>\n\n\n\n<p class=\"wp-block-paragraph\">A n\u00e9met-nyelv\u0171 \u00fcnnepi besz\u00e9dben a prel\u00e1tus-asszony \u00e9rt\u00e9kelte a magyar gy\u00fclekezet kitart\u00f3 tev\u00e9kenys\u00e9g\u00e9t az itteni diaszp\u00f3ra helyzetben, s b\u00edztatta a jelenlev\u0151ket a v\u00e1lasztott Ige szav\u00e1val: \u201eNem f\u00e9lelemnek lelk\u00e9t adta nek\u00fcnk Isten, hanem az er\u0151, a szeretet \u00e9s a j\u00f3zans\u00e1g lelk\u00e9t.\u201c (2. Tim. 1, 7) Az istentisztelet alatt felhangzottak az \u00e9nekek &#8211; n\u00e9melyik k\u00e9t nyelven, pl. \u201eMint a sz\u00e9p h\u00edves patakra&#8230;\u201c -, majd a k\u00f6z\u00f6s im\u00e1ds\u00e1g, a \u201eMi Aty\u00e1nk\u201c ut\u00e1n sor ker\u00fclt a jubileumi k\u00f6sz\u00f6nt\u00e9sekre.<\/p>\n\n\n\n<p class=\"wp-block-paragraph\">A megh\u00edvott erd\u00e9lyi magyar testv\u00e9rgy\u00fclekezet k\u00e9pviselete sajnos nem v\u00e1llalhatta az utat a korona-vesz\u00e9ly miatt, de a lelk\u00e9sz\u00fck, Dr. Bek\u0151 Isv\u00e1n levelet k\u00fcld\u00f6tt \u00e9s meleg szavakkal \u00fcdv\u00f6z\u00f6lte a Dietenheimban \u00fcnnepl\u0151ket. A levelet Sz\u00e9kely L\u00e1szl\u00f3 presbiter olvasta fel. Ugyancsak lev\u00e9lben \u00fcdv\u00f6z\u00f6lte gy\u00fclekezet\u00fcnket G\u00e9mes P\u00e1l, a szomsz\u00e9dos stuttgarti magyar protest\u00e1ns gy\u00fclekezet lelk\u00e9sze, valamint Hieble Erika,<\/p>\n\n\n\n<p class=\"wp-block-paragraph\">a szent-galleni magyar reform\u00e1tus gy\u00fclekezet lelk\u00e9szn\u0151je. Szem\u00e9lyesen k\u00f6sz\u00f6nt\u00f6tt minket a m\u00fcncheni gy\u00fclekezet gondnokn\u0151je, Dr. Baranyai R\u00e9ka. Az ulmi magyar katolikus gy\u00fclekezet t\u00f6bb k\u00e9pvisel\u0151je is jelen volt az \u00fcnnepi istentiszteleten, s Merl\u00e1s Tibor, kat. lelkip\u00e1sztor \u2013 aki szeptemberben foglalt volt &#8211; az okt\u00f3beri \u00f6kumenikus istentiszteleten adta \u00e1t szem\u00e9lyesen az ulmi katolikus gy\u00fclekezet \u00fcdv\u00f6zlet\u00e9t.<\/p>\n\n\n\n<p class=\"wp-block-paragraph\">Az istentisztelet v\u00e9g\u00e9n k\u00e9t nyelven hangzott el az \u00e1ld\u00e1s, majd a magyar himnusszal z\u00e1rtuk a sz\u00e9p alkalmat.<\/p>\n\n\n\n<p class=\"wp-block-paragraph\">Ezut\u00e1n \u00e1ll\u00f3-fogad\u00e1s is volt, ahol a jelenlev\u0151k m\u00e9g sok\u00e1ig elbesz\u00e9lgettek egym\u00e1ssal. Itt adtuk \u00e1t a vend\u00e9geknek &#8211; \u00e9s a gy\u00fclekezet tagjainak &#8211; a jubileumra k\u00e9sz\u00fclt sz\u00e9p \u201eEml\u00e9kf\u00fczetet\u201c, amelyben a gy\u00fclekezet 40 \u00e9ves t\u00f6rt\u00e9net\u00e9t a lelkip\u00e1sztor \u00edrta meg, s t\u00f6bb felk\u00e9rt gy\u00fclekezeti tag \u00e9s vend\u00e9g pillantott vissza benne az itt meg\u00e9lt \u00e9vekre \u00e9s rendkiv\u00fcli eml\u00e9keikre. Az Eml\u00e9kf\u00fczetet a N\u00e9metorsz\u00e1gi Magyarnyelv\u0171 Protest\u00e1ns Gy\u00fclekezetek Sz\u00f6vets\u00e9ge t\u00e1mogat\u00e1s\u00e1val adtuk ki, s a kolozsv\u00e1ri \u201eMiszt\u00f3tfalusi Kis Mikl\u00f3s\u201c egyh\u00e1zi nyomda remek munk\u00e1t v\u00e9gzett. H\u00e1l\u00e1s k\u00f6sz\u00f6net a nyomd\u00e1nak ez\u00e9rt a sz\u00e9p f\u00fczet\u00e9rt.<\/p>\n\n\n\n<p class=\"wp-block-paragraph\">K\u00f6sz\u00f6net a jubileumon megjelent vend\u00e9geknek \u00e9s gy\u00fclekezet\u00fcnk tagjainak, k\u00f6sz\u00f6net a vel\u00fcnk egy\u00fctt\u00e9rz\u0151 magyar \u00e9s n\u00e9met testv\u00e9reknek, de mindenek el\u0151tt k\u00f6sz\u00f6net \u00e9s h\u00e1la ez\u00e9rt a negyven \u00e9v\u00e9rt a gondvisel\u0151 Istennek. Soli deo gloria.<\/p>\n\n\n\n<p class=\"wp-block-paragraph\">Varga P\u00e1l lelkip\u00e1sztor<\/p>\n\n\n\n<div class=\"wp-block-image\"><figure class=\"aligncenter\"><img loading=\"lazy\" decoding=\"async\" width=\"2560\" height=\"2216\" src=\"https:\/\/magyar-protestansok.de\/wp-content\/uploads\/2020\/10\/Tavolsag_-_a_dietenheimi_templomkertben_-szept._27.-scaled.jpg\" alt=\"\" class=\"wp-image-824\" srcset=\"https:\/\/magyar-protestansok.de\/wp-content\/uploads\/2020\/10\/Tavolsag_-_a_dietenheimi_templomkertben_-szept._27.-scaled.jpg 2560w, https:\/\/magyar-protestansok.de\/wp-content\/uploads\/2020\/10\/Tavolsag_-_a_dietenheimi_templomkertben_-szept._27.-300x260.jpg 300w, https:\/\/magyar-protestansok.de\/wp-content\/uploads\/2020\/10\/Tavolsag_-_a_dietenheimi_templomkertben_-szept._27.-1024x886.jpg 1024w, https:\/\/magyar-protestansok.de\/wp-content\/uploads\/2020\/10\/Tavolsag_-_a_dietenheimi_templomkertben_-szept._27.-768x665.jpg 768w, https:\/\/magyar-protestansok.de\/wp-content\/uploads\/2020\/10\/Tavolsag_-_a_dietenheimi_templomkertben_-szept._27.-1536x1330.jpg 1536w, https:\/\/magyar-protestansok.de\/wp-content\/uploads\/2020\/10\/Tavolsag_-_a_dietenheimi_templomkertben_-szept._27.-2048x1773.jpg 2048w\" sizes=\"auto, (max-width: 2560px) 100vw, 2560px\" \/><\/figure><\/div>\n\n\n\n<div class=\"wp-block-image\"><figure class=\"aligncenter\"><img loading=\"lazy\" decoding=\"async\" width=\"2560\" height=\"2319\" src=\"https:\/\/magyar-protestansok.de\/wp-content\/uploads\/2020\/10\/Pralatin_Wulz_in_Dietenheim_-_27.09.20-scaled.jpg\" alt=\"\" class=\"wp-image-823\" srcset=\"https:\/\/magyar-protestansok.de\/wp-content\/uploads\/2020\/10\/Pralatin_Wulz_in_Dietenheim_-_27.09.20-scaled.jpg 2560w, https:\/\/magyar-protestansok.de\/wp-content\/uploads\/2020\/10\/Pralatin_Wulz_in_Dietenheim_-_27.09.20-300x272.jpg 300w, https:\/\/magyar-protestansok.de\/wp-content\/uploads\/2020\/10\/Pralatin_Wulz_in_Dietenheim_-_27.09.20-1024x928.jpg 1024w, https:\/\/magyar-protestansok.de\/wp-content\/uploads\/2020\/10\/Pralatin_Wulz_in_Dietenheim_-_27.09.20-768x696.jpg 768w, https:\/\/magyar-protestansok.de\/wp-content\/uploads\/2020\/10\/Pralatin_Wulz_in_Dietenheim_-_27.09.20-1536x1392.jpg 1536w, https:\/\/magyar-protestansok.de\/wp-content\/uploads\/2020\/10\/Pralatin_Wulz_in_Dietenheim_-_27.09.20-2048x1855.jpg 2048w\" sizes=\"auto, (max-width: 2560px) 100vw, 2560px\" \/><\/figure><\/div>\n\n\n\n<div class=\"wp-block-image\"><figure class=\"aligncenter\"><img loading=\"lazy\" decoding=\"async\" width=\"469\" height=\"477\" src=\"https:\/\/magyar-protestansok.de\/wp-content\/uploads\/2020\/10\/Jubielum_-_szept._27._-_Dietenheim.jpg\" alt=\"\" class=\"wp-image-822\" srcset=\"https:\/\/magyar-protestansok.de\/wp-content\/uploads\/2020\/10\/Jubielum_-_szept._27._-_Dietenheim.jpg 469w, https:\/\/magyar-protestansok.de\/wp-content\/uploads\/2020\/10\/Jubielum_-_szept._27._-_Dietenheim-295x300.jpg 295w\" sizes=\"auto, (max-width: 469px) 100vw, 469px\" \/><\/figure><\/div>\n\n\n\n<div class=\"wp-block-image\"><figure class=\"aligncenter\"><img loading=\"lazy\" decoding=\"async\" width=\"2560\" height=\"1571\" src=\"https:\/\/magyar-protestansok.de\/wp-content\/uploads\/2020\/10\/Jubielumi_istentisztelet_Dietenheimban_-_2020.09.27-scaled.jpg\" alt=\"\" class=\"wp-image-821\" srcset=\"https:\/\/magyar-protestansok.de\/wp-content\/uploads\/2020\/10\/Jubielumi_istentisztelet_Dietenheimban_-_2020.09.27-scaled.jpg 2560w, https:\/\/magyar-protestansok.de\/wp-content\/uploads\/2020\/10\/Jubielumi_istentisztelet_Dietenheimban_-_2020.09.27-300x184.jpg 300w, https:\/\/magyar-protestansok.de\/wp-content\/uploads\/2020\/10\/Jubielumi_istentisztelet_Dietenheimban_-_2020.09.27-1024x628.jpg 1024w, https:\/\/magyar-protestansok.de\/wp-content\/uploads\/2020\/10\/Jubielumi_istentisztelet_Dietenheimban_-_2020.09.27-768x471.jpg 768w, https:\/\/magyar-protestansok.de\/wp-content\/uploads\/2020\/10\/Jubielumi_istentisztelet_Dietenheimban_-_2020.09.27-1536x942.jpg 1536w, https:\/\/magyar-protestansok.de\/wp-content\/uploads\/2020\/10\/Jubielumi_istentisztelet_Dietenheimban_-_2020.09.27-2048x1257.jpg 2048w\" sizes=\"auto, (max-width: 2560px) 100vw, 2560px\" \/><\/figure><\/div>\n\n\n\n<div class=\"wp-block-image\"><figure class=\"aligncenter\"><img loading=\"lazy\" decoding=\"async\" width=\"2560\" height=\"1833\" src=\"https:\/\/magyar-protestansok.de\/wp-content\/uploads\/2020\/10\/Dietenheimi_felvonulas_napsutesben..._szept._27.-scaled.jpg\" alt=\"\" class=\"wp-image-820\" srcset=\"https:\/\/magyar-protestansok.de\/wp-content\/uploads\/2020\/10\/Dietenheimi_felvonulas_napsutesben..._szept._27.-scaled.jpg 2560w, https:\/\/magyar-protestansok.de\/wp-content\/uploads\/2020\/10\/Dietenheimi_felvonulas_napsutesben..._szept._27.-300x215.jpg 300w, https:\/\/magyar-protestansok.de\/wp-content\/uploads\/2020\/10\/Dietenheimi_felvonulas_napsutesben..._szept._27.-1024x733.jpg 1024w, https:\/\/magyar-protestansok.de\/wp-content\/uploads\/2020\/10\/Dietenheimi_felvonulas_napsutesben..._szept._27.-768x550.jpg 768w, https:\/\/magyar-protestansok.de\/wp-content\/uploads\/2020\/10\/Dietenheimi_felvonulas_napsutesben..._szept._27.-1536x1100.jpg 1536w, https:\/\/magyar-protestansok.de\/wp-content\/uploads\/2020\/10\/Dietenheimi_felvonulas_napsutesben..._szept._27.-2048x1466.jpg 2048w\" sizes=\"auto, (max-width: 2560px) 100vw, 2560px\" \/><\/figure><\/div>\n\n\n\n<div class=\"wp-block-image\"><figure class=\"aligncenter\"><img loading=\"lazy\" decoding=\"async\" width=\"2359\" height=\"2560\" src=\"https:\/\/magyar-protestansok.de\/wp-content\/uploads\/2020\/10\/Az_orgonistank..._szept._27.-scaled.jpg\" alt=\"\" class=\"wp-image-819\" srcset=\"https:\/\/magyar-protestansok.de\/wp-content\/uploads\/2020\/10\/Az_orgonistank..._szept._27.-scaled.jpg 2359w, https:\/\/magyar-protestansok.de\/wp-content\/uploads\/2020\/10\/Az_orgonistank..._szept._27.-276x300.jpg 276w, https:\/\/magyar-protestansok.de\/wp-content\/uploads\/2020\/10\/Az_orgonistank..._szept._27.-943x1024.jpg 943w, https:\/\/magyar-protestansok.de\/wp-content\/uploads\/2020\/10\/Az_orgonistank..._szept._27.-768x834.jpg 768w, https:\/\/magyar-protestansok.de\/wp-content\/uploads\/2020\/10\/Az_orgonistank..._szept._27.-1415x1536.jpg 1415w, https:\/\/magyar-protestansok.de\/wp-content\/uploads\/2020\/10\/Az_orgonistank..._szept._27.-1887x2048.jpg 1887w\" sizes=\"auto, (max-width: 2359px) 100vw, 2359px\" \/><\/figure><\/div>\n\n\n\n<div class=\"wp-block-image\"><figure class=\"aligncenter\"><img loading=\"lazy\" decoding=\"async\" width=\"2560\" height=\"1469\" src=\"https:\/\/magyar-protestansok.de\/wp-content\/uploads\/2020\/10\/Az_emlekfuzet_fedolapja-scaled.jpg\" alt=\"\" class=\"wp-image-818\" srcset=\"https:\/\/magyar-protestansok.de\/wp-content\/uploads\/2020\/10\/Az_emlekfuzet_fedolapja-scaled.jpg 2560w, https:\/\/magyar-protestansok.de\/wp-content\/uploads\/2020\/10\/Az_emlekfuzet_fedolapja-300x172.jpg 300w, https:\/\/magyar-protestansok.de\/wp-content\/uploads\/2020\/10\/Az_emlekfuzet_fedolapja-1024x588.jpg 1024w, https:\/\/magyar-protestansok.de\/wp-content\/uploads\/2020\/10\/Az_emlekfuzet_fedolapja-768x441.jpg 768w, https:\/\/magyar-protestansok.de\/wp-content\/uploads\/2020\/10\/Az_emlekfuzet_fedolapja-1536x881.jpg 1536w, https:\/\/magyar-protestansok.de\/wp-content\/uploads\/2020\/10\/Az_emlekfuzet_fedolapja-2048x1175.jpg 2048w\" sizes=\"auto, (max-width: 2560px) 100vw, 2560px\" \/><\/figure><\/div>\n\n\n\n<div class=\"wp-block-image\"><figure class=\"aligncenter\"><img loading=\"lazy\" decoding=\"async\" width=\"2560\" height=\"1840\" src=\"https:\/\/magyar-protestansok.de\/wp-content\/uploads\/2020\/10\/A_templomban_-_szept._27.-scaled.jpg\" alt=\"\" class=\"wp-image-817\" srcset=\"https:\/\/magyar-protestansok.de\/wp-content\/uploads\/2020\/10\/A_templomban_-_szept._27.-scaled.jpg 2560w, https:\/\/magyar-protestansok.de\/wp-content\/uploads\/2020\/10\/A_templomban_-_szept._27.-300x216.jpg 300w, https:\/\/magyar-protestansok.de\/wp-content\/uploads\/2020\/10\/A_templomban_-_szept._27.-1024x736.jpg 1024w, https:\/\/magyar-protestansok.de\/wp-content\/uploads\/2020\/10\/A_templomban_-_szept._27.-768x552.jpg 768w, https:\/\/magyar-protestansok.de\/wp-content\/uploads\/2020\/10\/A_templomban_-_szept._27.-1536x1104.jpg 1536w, https:\/\/magyar-protestansok.de\/wp-content\/uploads\/2020\/10\/A_templomban_-_szept._27.-2048x1472.jpg 2048w\" sizes=\"auto, (max-width: 2560px) 100vw, 2560px\" \/><\/figure><\/div>\n\n\n\n<div class=\"wp-block-image\"><figure class=\"aligncenter\"><img loading=\"lazy\" decoding=\"async\" width=\"1465\" height=\"1200\" src=\"https:\/\/magyar-protestansok.de\/wp-content\/uploads\/2020\/10\/A_gyulekezet_a_dietenheimi_templomban....jpg\" alt=\"\" class=\"wp-image-816\" srcset=\"https:\/\/magyar-protestansok.de\/wp-content\/uploads\/2020\/10\/A_gyulekezet_a_dietenheimi_templomban....jpg 1465w, https:\/\/magyar-protestansok.de\/wp-content\/uploads\/2020\/10\/A_gyulekezet_a_dietenheimi_templomban...-300x246.jpg 300w, https:\/\/magyar-protestansok.de\/wp-content\/uploads\/2020\/10\/A_gyulekezet_a_dietenheimi_templomban...-1024x839.jpg 1024w, https:\/\/magyar-protestansok.de\/wp-content\/uploads\/2020\/10\/A_gyulekezet_a_dietenheimi_templomban...-768x629.jpg 768w\" sizes=\"auto, (max-width: 1465px) 100vw, 1465px\" \/><\/figure><\/div>\n\n\n\n<div class=\"wp-block-image\"><figure class=\"aligncenter\"><img loading=\"lazy\" decoding=\"async\" width=\"2560\" height=\"1544\" src=\"https:\/\/magyar-protestansok.de\/wp-content\/uploads\/2020\/10\/A_4_lelkesz_a_zeneszek_elott_-_hatterben_a_parokia_szept._27.-scaled.jpg\" alt=\"\" class=\"wp-image-815\" srcset=\"https:\/\/magyar-protestansok.de\/wp-content\/uploads\/2020\/10\/A_4_lelkesz_a_zeneszek_elott_-_hatterben_a_parokia_szept._27.-scaled.jpg 2560w, https:\/\/magyar-protestansok.de\/wp-content\/uploads\/2020\/10\/A_4_lelkesz_a_zeneszek_elott_-_hatterben_a_parokia_szept._27.-300x181.jpg 300w, https:\/\/magyar-protestansok.de\/wp-content\/uploads\/2020\/10\/A_4_lelkesz_a_zeneszek_elott_-_hatterben_a_parokia_szept._27.-1024x618.jpg 1024w, https:\/\/magyar-protestansok.de\/wp-content\/uploads\/2020\/10\/A_4_lelkesz_a_zeneszek_elott_-_hatterben_a_parokia_szept._27.-768x463.jpg 768w, https:\/\/magyar-protestansok.de\/wp-content\/uploads\/2020\/10\/A_4_lelkesz_a_zeneszek_elott_-_hatterben_a_parokia_szept._27.-1536x926.jpg 1536w, https:\/\/magyar-protestansok.de\/wp-content\/uploads\/2020\/10\/A_4_lelkesz_a_zeneszek_elott_-_hatterben_a_parokia_szept._27.-2048x1235.jpg 2048w\" sizes=\"auto, (max-width: 2560px) 100vw, 2560px\" \/><\/figure><\/div>\n\n\n\n<p class=\"wp-block-paragraph\"><\/p>\n","protected":false},"excerpt":{"rendered":"<p>2020 szeptember 27.-\u00e9n meg\u00fcnnepelte 40-\u00e9ves fenn\u00e1ll\u00e1s\u00e1t &#8211; a korona-vesz\u00e9ly ellen\u00e9re \u2013 az Ulm-k\u00f6rny\u00e9ki gy\u00fclekezet. Erre a jubileumra m\u00e1r h\u00f3napokkal el\u0151bb k\u00e9sz\u00fclt a gy\u00fclekezet\u00fcnk, s b\u00e1r kisebb k\u00f6rben, mint tervezt\u00fck, de megtartottuk az \u00fcnnepi alkalmat. Nem volt egyszer\u0171 a d\u00f6nt\u00e9s, mert az \u00fajabb szigor\u00edt\u00e1sok m\u00e1r szeptemberben a \u201enyakunkon\u201c voltak&#8230;s t\u00f6bb lemond\u00e1st is kaptunk a megh\u00edvottak r\u00e9sz\u00e9r\u0151l. &#8230; <span class=\"more\"><a class=\"more-link\" href=\"https:\/\/magyar-protestansok.de\/?p=825\">[Tov\u00e1bb\/ Weiter&#8230;]<\/a><\/span><\/p>\n","protected":false},"author":2,"featured_media":0,"comment_status":"closed","ping_status":"open","sticky":false,"template":"","format":"standard","meta":{"om_disable_all_campaigns":false,"_monsterinsights_skip_tracking":false,"_jetpack_newsletter_access":"","_jetpack_dont_email_post_to_subs":false,"_jetpack_newsletter_tier_id":0,"_jetpack_memberships_contains_paywalled_content":false,"_jetpack_feature_clip_id":0,"_jetpack_memberships_contains_paid_content":false,"footnotes":"","jetpack_post_was_ever_published":false},"categories":[13],"tags":[],"class_list":["entry","post","publish","author-tibi","post-825","format-standard","category-allgemein-hu"],"aioseo_notices":[],"aioseo_head":"\n\t\t<!-- All in One SEO 5.0.1.1 - aioseo.com -->\n\t<meta name=\"description\" content=\"2020 szeptember 27.-\u00e9n meg\u00fcnnepelte 40-\u00e9ves fenn\u00e1ll\u00e1s\u00e1t - a korona-vesz\u00e9ly ellen\u00e9re \u2013 az Ulm-k\u00f6rny\u00e9ki gy\u00fclekezet. Erre a jubileumra m\u00e1r h\u00f3napokkal el\u0151bb k\u00e9sz\u00fclt a gy\u00fclekezet\u00fcnk, s b\u00e1r kisebb k\u00f6rben, mint tervezt\u00fck, de megtartottuk az \u00fcnnepi alkalmat. Nem volt egyszer\u0171 a d\u00f6nt\u00e9s, mert az \u00fajabb szigor\u00edt\u00e1sok m\u00e1r szeptemberben a \u201enyakunkon\u201c voltak...s t\u00f6bb lemond\u00e1st is kaptunk a megh\u00edvottak r\u00e9sz\u00e9r\u0151l.\" \/>\n\t<meta name=\"robots\" content=\"max-image-preview:large\" \/>\n\t<meta name=\"author\" content=\"Tibor Anca\"\/>\n\t<link rel=\"canonical\" href=\"https:\/\/magyar-protestansok.de\/?p=825\" \/>\n\t<meta name=\"generator\" content=\"All in One SEO (AIOSEO) 5.0.1.1\" \/>\n\t\t<meta property=\"og:locale\" content=\"hu_HU\" \/>\n\t\t<meta property=\"og:site_name\" content=\"magyar-protestansok.de | N\u00e9metorsz\u00e1gi Magyar-ajk\u00fa Protest\u00e1ns Gy\u00fclekezetek Sz\u00f6vets\u00e9ge\" \/>\n\t\t<meta property=\"og:type\" content=\"article\" \/>\n\t\t<meta property=\"og:title\" content=\"Jubileumot \u00fcnnepelt az Ulm-k\u00f6rny\u00e9ki Magyar Protest\u00e1ns Gy\u00fclekezet | magyar-protestansok.de\" \/>\n\t\t<meta property=\"og:description\" content=\"2020 szeptember 27.-\u00e9n meg\u00fcnnepelte 40-\u00e9ves fenn\u00e1ll\u00e1s\u00e1t - a korona-vesz\u00e9ly ellen\u00e9re \u2013 az Ulm-k\u00f6rny\u00e9ki gy\u00fclekezet. Erre a jubileumra m\u00e1r h\u00f3napokkal el\u0151bb k\u00e9sz\u00fclt a gy\u00fclekezet\u00fcnk, s b\u00e1r kisebb k\u00f6rben, mint tervezt\u00fck, de megtartottuk az \u00fcnnepi alkalmat. Nem volt egyszer\u0171 a d\u00f6nt\u00e9s, mert az \u00fajabb szigor\u00edt\u00e1sok m\u00e1r szeptemberben a \u201enyakunkon\u201c voltak...s t\u00f6bb lemond\u00e1st is kaptunk a megh\u00edvottak r\u00e9sz\u00e9r\u0151l.\" \/>\n\t\t<meta property=\"og:url\" content=\"https:\/\/magyar-protestansok.de\/?p=825\" \/>\n\t\t<meta property=\"article:published_time\" content=\"2020-10-29T20:41:32+00:00\" \/>\n\t\t<meta property=\"article:modified_time\" content=\"2020-10-29T20:41:34+00:00\" \/>\n\t\t<meta name=\"twitter:card\" content=\"summary\" \/>\n\t\t<meta name=\"twitter:title\" content=\"Jubileumot \u00fcnnepelt az Ulm-k\u00f6rny\u00e9ki Magyar Protest\u00e1ns Gy\u00fclekezet | magyar-protestansok.de\" \/>\n\t\t<meta name=\"twitter:description\" content=\"2020 szeptember 27.-\u00e9n meg\u00fcnnepelte 40-\u00e9ves fenn\u00e1ll\u00e1s\u00e1t - a korona-vesz\u00e9ly ellen\u00e9re \u2013 az Ulm-k\u00f6rny\u00e9ki gy\u00fclekezet. Erre a jubileumra m\u00e1r h\u00f3napokkal el\u0151bb k\u00e9sz\u00fclt a gy\u00fclekezet\u00fcnk, s b\u00e1r kisebb k\u00f6rben, mint tervezt\u00fck, de megtartottuk az \u00fcnnepi alkalmat. Nem volt egyszer\u0171 a d\u00f6nt\u00e9s, mert az \u00fajabb szigor\u00edt\u00e1sok m\u00e1r szeptemberben a \u201enyakunkon\u201c voltak...s t\u00f6bb lemond\u00e1st is kaptunk a megh\u00edvottak r\u00e9sz\u00e9r\u0151l.\" \/>\n\t\t<script type=\"application\/ld+json\" class=\"aioseo-schema\">\n\t\t\t{\"@context\":\"https:\\\/\\\/schema.org\",\"@graph\":[{\"@type\":\"Article\",\"@id\":\"https:\\\/\\\/magyar-protestansok.de\\\/?p=825#article\",\"name\":\"Jubileumot \\u00fcnnepelt az Ulm-k\\u00f6rny\\u00e9ki Magyar Protest\\u00e1ns Gy\\u00fclekezet | magyar-protestansok.de\",\"headline\":\"Jubileumot \\u00fcnnepelt az Ulm-k\\u00f6rny\\u00e9ki Magyar Protest\\u00e1ns Gy\\u00fclekezet\",\"author\":{\"@id\":\"https:\\\/\\\/magyar-protestansok.de\\\/?author=2#author\"},\"publisher\":{\"@id\":\"https:\\\/\\\/magyar-protestansok.de\\\/#organization\"},\"image\":{\"@type\":\"ImageObject\",\"url\":\"https:\\\/\\\/magyar-protestansok.de\\\/wp-content\\\/uploads\\\/2020\\\/10\\\/Tavolsag_-_a_dietenheimi_templomkertben_-szept._27..jpg\",\"@id\":\"https:\\\/\\\/magyar-protestansok.de\\\/?p=825\\\/#articleImage\"},\"datePublished\":\"2020-10-29T22:41:32+02:00\",\"dateModified\":\"2020-10-29T22:41:34+02:00\",\"inLanguage\":\"hu-HU\",\"mainEntityOfPage\":{\"@id\":\"https:\\\/\\\/magyar-protestansok.de\\\/?p=825#webpage\"},\"isPartOf\":{\"@id\":\"https:\\\/\\\/magyar-protestansok.de\\\/?p=825#webpage\"},\"articleSection\":\"Allgemein, Magyar\"},{\"@type\":\"BreadcrumbList\",\"@id\":\"https:\\\/\\\/magyar-protestansok.de\\\/?p=825#breadcrumblist\",\"itemListElement\":[{\"@type\":\"ListItem\",\"@id\":\"https:\\\/\\\/magyar-protestansok.de#listItem\",\"position\":1,\"name\":\"Home\",\"item\":\"https:\\\/\\\/magyar-protestansok.de\",\"nextItem\":{\"@type\":\"ListItem\",\"@id\":\"https:\\\/\\\/magyar-protestansok.de\\\/?cat=13#listItem\",\"name\":\"Allgemein\"}},{\"@type\":\"ListItem\",\"@id\":\"https:\\\/\\\/magyar-protestansok.de\\\/?cat=13#listItem\",\"position\":2,\"name\":\"Allgemein\",\"item\":\"https:\\\/\\\/magyar-protestansok.de\\\/?cat=13\",\"nextItem\":{\"@type\":\"ListItem\",\"@id\":\"https:\\\/\\\/magyar-protestansok.de\\\/?p=825#listItem\",\"name\":\"Jubileumot \\u00fcnnepelt az Ulm-k\\u00f6rny\\u00e9ki Magyar Protest\\u00e1ns Gy\\u00fclekezet\"},\"previousItem\":{\"@type\":\"ListItem\",\"@id\":\"https:\\\/\\\/magyar-protestansok.de#listItem\",\"name\":\"Home\"}},{\"@type\":\"ListItem\",\"@id\":\"https:\\\/\\\/magyar-protestansok.de\\\/?p=825#listItem\",\"position\":3,\"name\":\"Jubileumot \\u00fcnnepelt az Ulm-k\\u00f6rny\\u00e9ki Magyar Protest\\u00e1ns Gy\\u00fclekezet\",\"previousItem\":{\"@type\":\"ListItem\",\"@id\":\"https:\\\/\\\/magyar-protestansok.de\\\/?cat=13#listItem\",\"name\":\"Allgemein\"}}]},{\"@type\":\"Organization\",\"@id\":\"https:\\\/\\\/magyar-protestansok.de\\\/#organization\",\"name\":\"Magyar Protest\\u00e1nsok Gy\\u00fclekezeti Sz\\u00f6vets\\u00e9ge\",\"description\":\"N\\u00e9metorsz\\u00e1gi Magyar-ajk\\u00fa Protest\\u00e1ns Gy\\u00fclekezetek Sz\\u00f6vets\\u00e9ge\",\"url\":\"https:\\\/\\\/magyar-protestansok.de\\\/\",\"logo\":{\"@type\":\"ImageObject\",\"url\":\"https:\\\/\\\/magyar-protestansok.de\\\/wp-content\\\/uploads\\\/2014\\\/07\\\/Ma-Pro-Logo1.png\",\"@id\":\"https:\\\/\\\/magyar-protestansok.de\\\/?p=825\\\/#organizationLogo\",\"width\":130,\"height\":153},\"image\":{\"@id\":\"https:\\\/\\\/magyar-protestansok.de\\\/?p=825\\\/#organizationLogo\"}},{\"@type\":\"Person\",\"@id\":\"https:\\\/\\\/magyar-protestansok.de\\\/?author=2#author\",\"url\":\"https:\\\/\\\/magyar-protestansok.de\\\/?author=2\",\"name\":\"Tibor Anca\",\"image\":{\"@type\":\"ImageObject\",\"@id\":\"https:\\\/\\\/magyar-protestansok.de\\\/?p=825#authorImage\",\"url\":\"https:\\\/\\\/secure.gravatar.com\\\/avatar\\\/5a746ac2103abb522aa63d4cc44b20af05052211113ce6cd33527053519cb81d?s=96&d=mm&r=g\",\"width\":96,\"height\":96,\"caption\":\"Tibor Anca\"}},{\"@type\":\"WebPage\",\"@id\":\"https:\\\/\\\/magyar-protestansok.de\\\/?p=825#webpage\",\"url\":\"https:\\\/\\\/magyar-protestansok.de\\\/?p=825\",\"name\":\"Jubileumot \\u00fcnnepelt az Ulm-k\\u00f6rny\\u00e9ki Magyar Protest\\u00e1ns Gy\\u00fclekezet | magyar-protestansok.de\",\"description\":\"2020 szeptember 27.-\\u00e9n meg\\u00fcnnepelte 40-\\u00e9ves fenn\\u00e1ll\\u00e1s\\u00e1t - a korona-vesz\\u00e9ly ellen\\u00e9re \\u2013 az Ulm-k\\u00f6rny\\u00e9ki gy\\u00fclekezet. Erre a jubileumra m\\u00e1r h\\u00f3napokkal el\\u0151bb k\\u00e9sz\\u00fclt a gy\\u00fclekezet\\u00fcnk, s b\\u00e1r kisebb k\\u00f6rben, mint tervezt\\u00fck, de megtartottuk az \\u00fcnnepi alkalmat. Nem volt egyszer\\u0171 a d\\u00f6nt\\u00e9s, mert az \\u00fajabb szigor\\u00edt\\u00e1sok m\\u00e1r szeptemberben a \\u201enyakunkon\\u201c voltak...s t\\u00f6bb lemond\\u00e1st is kaptunk a megh\\u00edvottak r\\u00e9sz\\u00e9r\\u0151l.\",\"inLanguage\":\"hu-HU\",\"isPartOf\":{\"@id\":\"https:\\\/\\\/magyar-protestansok.de\\\/#website\"},\"breadcrumb\":{\"@id\":\"https:\\\/\\\/magyar-protestansok.de\\\/?p=825#breadcrumblist\"},\"author\":{\"@id\":\"https:\\\/\\\/magyar-protestansok.de\\\/?author=2#author\"},\"creator\":{\"@id\":\"https:\\\/\\\/magyar-protestansok.de\\\/?author=2#author\"},\"datePublished\":\"2020-10-29T22:41:32+02:00\",\"dateModified\":\"2020-10-29T22:41:34+02:00\"},{\"@type\":\"WebSite\",\"@id\":\"https:\\\/\\\/magyar-protestansok.de\\\/#website\",\"url\":\"https:\\\/\\\/magyar-protestansok.de\\\/\",\"name\":\"magyar-protestansok.de\",\"description\":\"N\\u00e9metorsz\\u00e1gi Magyar-ajk\\u00fa Protest\\u00e1ns Gy\\u00fclekezetek Sz\\u00f6vets\\u00e9ge\",\"inLanguage\":\"hu-HU\",\"publisher\":{\"@id\":\"https:\\\/\\\/magyar-protestansok.de\\\/#organization\"}}]}\n\t\t<\/script>\n\t\t<!-- All in One SEO -->\n\n","aioseo_head_json":{"title":"Jubileumot \u00fcnnepelt az Ulm-k\u00f6rny\u00e9ki Magyar Protest\u00e1ns Gy\u00fclekezet | magyar-protestansok.de","description":"2020 szeptember 27.-\u00e9n meg\u00fcnnepelte 40-\u00e9ves fenn\u00e1ll\u00e1s\u00e1t - a korona-vesz\u00e9ly ellen\u00e9re \u2013 az Ulm-k\u00f6rny\u00e9ki gy\u00fclekezet. Erre a jubileumra m\u00e1r h\u00f3napokkal el\u0151bb k\u00e9sz\u00fclt a gy\u00fclekezet\u00fcnk, s b\u00e1r kisebb k\u00f6rben, mint tervezt\u00fck, de megtartottuk az \u00fcnnepi alkalmat. Nem volt egyszer\u0171 a d\u00f6nt\u00e9s, mert az \u00fajabb szigor\u00edt\u00e1sok m\u00e1r szeptemberben a \u201enyakunkon\u201c voltak...s t\u00f6bb lemond\u00e1st is kaptunk a megh\u00edvottak r\u00e9sz\u00e9r\u0151l.","canonical_url":"https:\/\/magyar-protestansok.de\/?p=825","robots":"max-image-preview:large","keywords":"","webmasterTools":{"miscellaneous":""},"schema":{"@context":"https:\/\/schema.org","@graph":[{"@type":"Article","@id":"https:\/\/magyar-protestansok.de\/?p=825#article","name":"Jubileumot \u00fcnnepelt az Ulm-k\u00f6rny\u00e9ki Magyar Protest\u00e1ns Gy\u00fclekezet | magyar-protestansok.de","headline":"Jubileumot \u00fcnnepelt az Ulm-k\u00f6rny\u00e9ki Magyar Protest\u00e1ns Gy\u00fclekezet","author":{"@id":"https:\/\/magyar-protestansok.de\/?author=2#author"},"publisher":{"@id":"https:\/\/magyar-protestansok.de\/#organization"},"image":{"@type":"ImageObject","url":"https:\/\/magyar-protestansok.de\/wp-content\/uploads\/2020\/10\/Tavolsag_-_a_dietenheimi_templomkertben_-szept._27..jpg","@id":"https:\/\/magyar-protestansok.de\/?p=825\/#articleImage"},"datePublished":"2020-10-29T22:41:32+02:00","dateModified":"2020-10-29T22:41:34+02:00","inLanguage":"hu-HU","mainEntityOfPage":{"@id":"https:\/\/magyar-protestansok.de\/?p=825#webpage"},"isPartOf":{"@id":"https:\/\/magyar-protestansok.de\/?p=825#webpage"},"articleSection":"Allgemein, Magyar"},{"@type":"BreadcrumbList","@id":"https:\/\/magyar-protestansok.de\/?p=825#breadcrumblist","itemListElement":[{"@type":"ListItem","@id":"https:\/\/magyar-protestansok.de#listItem","position":1,"name":"Home","item":"https:\/\/magyar-protestansok.de","nextItem":{"@type":"ListItem","@id":"https:\/\/magyar-protestansok.de\/?cat=13#listItem","name":"Allgemein"}},{"@type":"ListItem","@id":"https:\/\/magyar-protestansok.de\/?cat=13#listItem","position":2,"name":"Allgemein","item":"https:\/\/magyar-protestansok.de\/?cat=13","nextItem":{"@type":"ListItem","@id":"https:\/\/magyar-protestansok.de\/?p=825#listItem","name":"Jubileumot \u00fcnnepelt az Ulm-k\u00f6rny\u00e9ki Magyar Protest\u00e1ns Gy\u00fclekezet"},"previousItem":{"@type":"ListItem","@id":"https:\/\/magyar-protestansok.de#listItem","name":"Home"}},{"@type":"ListItem","@id":"https:\/\/magyar-protestansok.de\/?p=825#listItem","position":3,"name":"Jubileumot \u00fcnnepelt az Ulm-k\u00f6rny\u00e9ki Magyar Protest\u00e1ns Gy\u00fclekezet","previousItem":{"@type":"ListItem","@id":"https:\/\/magyar-protestansok.de\/?cat=13#listItem","name":"Allgemein"}}]},{"@type":"Organization","@id":"https:\/\/magyar-protestansok.de\/#organization","name":"Magyar Protest\u00e1nsok Gy\u00fclekezeti Sz\u00f6vets\u00e9ge","description":"N\u00e9metorsz\u00e1gi Magyar-ajk\u00fa Protest\u00e1ns Gy\u00fclekezetek Sz\u00f6vets\u00e9ge","url":"https:\/\/magyar-protestansok.de\/","logo":{"@type":"ImageObject","url":"https:\/\/magyar-protestansok.de\/wp-content\/uploads\/2014\/07\/Ma-Pro-Logo1.png","@id":"https:\/\/magyar-protestansok.de\/?p=825\/#organizationLogo","width":130,"height":153},"image":{"@id":"https:\/\/magyar-protestansok.de\/?p=825\/#organizationLogo"}},{"@type":"Person","@id":"https:\/\/magyar-protestansok.de\/?author=2#author","url":"https:\/\/magyar-protestansok.de\/?author=2","name":"Tibor Anca","image":{"@type":"ImageObject","@id":"https:\/\/magyar-protestansok.de\/?p=825#authorImage","url":"https:\/\/secure.gravatar.com\/avatar\/5a746ac2103abb522aa63d4cc44b20af05052211113ce6cd33527053519cb81d?s=96&d=mm&r=g","width":96,"height":96,"caption":"Tibor Anca"}},{"@type":"WebPage","@id":"https:\/\/magyar-protestansok.de\/?p=825#webpage","url":"https:\/\/magyar-protestansok.de\/?p=825","name":"Jubileumot \u00fcnnepelt az Ulm-k\u00f6rny\u00e9ki Magyar Protest\u00e1ns Gy\u00fclekezet | magyar-protestansok.de","description":"2020 szeptember 27.-\u00e9n meg\u00fcnnepelte 40-\u00e9ves fenn\u00e1ll\u00e1s\u00e1t - a korona-vesz\u00e9ly ellen\u00e9re \u2013 az Ulm-k\u00f6rny\u00e9ki gy\u00fclekezet. Erre a jubileumra m\u00e1r h\u00f3napokkal el\u0151bb k\u00e9sz\u00fclt a gy\u00fclekezet\u00fcnk, s b\u00e1r kisebb k\u00f6rben, mint tervezt\u00fck, de megtartottuk az \u00fcnnepi alkalmat. Nem volt egyszer\u0171 a d\u00f6nt\u00e9s, mert az \u00fajabb szigor\u00edt\u00e1sok m\u00e1r szeptemberben a \u201enyakunkon\u201c voltak...s t\u00f6bb lemond\u00e1st is kaptunk a megh\u00edvottak r\u00e9sz\u00e9r\u0151l.","inLanguage":"hu-HU","isPartOf":{"@id":"https:\/\/magyar-protestansok.de\/#website"},"breadcrumb":{"@id":"https:\/\/magyar-protestansok.de\/?p=825#breadcrumblist"},"author":{"@id":"https:\/\/magyar-protestansok.de\/?author=2#author"},"creator":{"@id":"https:\/\/magyar-protestansok.de\/?author=2#author"},"datePublished":"2020-10-29T22:41:32+02:00","dateModified":"2020-10-29T22:41:34+02:00"},{"@type":"WebSite","@id":"https:\/\/magyar-protestansok.de\/#website","url":"https:\/\/magyar-protestansok.de\/","name":"magyar-protestansok.de","description":"N\u00e9metorsz\u00e1gi Magyar-ajk\u00fa Protest\u00e1ns Gy\u00fclekezetek Sz\u00f6vets\u00e9ge","inLanguage":"hu-HU","publisher":{"@id":"https:\/\/magyar-protestansok.de\/#organization"}}]},"og:locale":"hu_HU","og:site_name":"magyar-protestansok.de | N\u00e9metorsz\u00e1gi Magyar-ajk\u00fa Protest\u00e1ns Gy\u00fclekezetek Sz\u00f6vets\u00e9ge","og:type":"article","og:title":"Jubileumot \u00fcnnepelt az Ulm-k\u00f6rny\u00e9ki Magyar Protest\u00e1ns Gy\u00fclekezet | magyar-protestansok.de","og:description":"2020 szeptember 27.-\u00e9n meg\u00fcnnepelte 40-\u00e9ves fenn\u00e1ll\u00e1s\u00e1t - a korona-vesz\u00e9ly ellen\u00e9re \u2013 az Ulm-k\u00f6rny\u00e9ki gy\u00fclekezet. Erre a jubileumra m\u00e1r h\u00f3napokkal el\u0151bb k\u00e9sz\u00fclt a gy\u00fclekezet\u00fcnk, s b\u00e1r kisebb k\u00f6rben, mint tervezt\u00fck, de megtartottuk az \u00fcnnepi alkalmat. Nem volt egyszer\u0171 a d\u00f6nt\u00e9s, mert az \u00fajabb szigor\u00edt\u00e1sok m\u00e1r szeptemberben a \u201enyakunkon\u201c voltak...s t\u00f6bb lemond\u00e1st is kaptunk a megh\u00edvottak r\u00e9sz\u00e9r\u0151l.","og:url":"https:\/\/magyar-protestansok.de\/?p=825","article:published_time":"2020-10-29T20:41:32+00:00","article:modified_time":"2020-10-29T20:41:34+00:00","twitter:card":"summary","twitter:title":"Jubileumot \u00fcnnepelt az Ulm-k\u00f6rny\u00e9ki Magyar Protest\u00e1ns Gy\u00fclekezet | magyar-protestansok.de","twitter:description":"2020 szeptember 27.-\u00e9n meg\u00fcnnepelte 40-\u00e9ves fenn\u00e1ll\u00e1s\u00e1t - a korona-vesz\u00e9ly ellen\u00e9re \u2013 az Ulm-k\u00f6rny\u00e9ki gy\u00fclekezet. Erre a jubileumra m\u00e1r h\u00f3napokkal el\u0151bb k\u00e9sz\u00fclt a gy\u00fclekezet\u00fcnk, s b\u00e1r kisebb k\u00f6rben, mint tervezt\u00fck, de megtartottuk az \u00fcnnepi alkalmat. Nem volt egyszer\u0171 a d\u00f6nt\u00e9s, mert az \u00fajabb szigor\u00edt\u00e1sok m\u00e1r szeptemberben a \u201enyakunkon\u201c voltak...s t\u00f6bb lemond\u00e1st is kaptunk a megh\u00edvottak r\u00e9sz\u00e9r\u0151l."},"aioseo_meta_data":{"post_id":"825","title":null,"description":"","keywords":"","keyphrases":null,"primary_term":null,"canonical_url":"","og_title":null,"og_description":null,"og_object_type":"default","og_image_type":"default","og_image_url":null,"og_image_width":null,"og_image_height":null,"og_image_custom_url":null,"og_image_custom_fields":null,"og_video":null,"og_custom_url":null,"og_article_section":null,"og_article_tags":null,"twitter_use_og":false,"twitter_card":"default","twitter_image_type":"default","twitter_image_url":null,"twitter_image_custom_url":null,"twitter_image_custom_fields":null,"twitter_title":null,"twitter_description":null,"schema":{"blockGraphs":[],"customGraphs":[],"default":{"data":{"Article":[],"Course":[],"Dataset":[],"FAQPage":[],"Movie":[],"Person":[],"Product":[],"ProductReview":[],"Car":[],"Recipe":[],"Service":[],"SoftwareApplication":[],"WebPage":[]},"graphName":"","isEnabled":true},"graphs":[],"defaultGraph":"","defaultPostTypeGraph":""},"schema_type":null,"schema_type_options":null,"pillar_content":false,"robots_default":true,"robots_noindex":false,"robots_noarchive":false,"robots_nosnippet":false,"robots_nofollow":false,"robots_noimageindex":false,"robots_noodp":false,"robots_notranslate":false,"robots_max_snippet":null,"robots_max_videopreview":null,"robots_max_imagepreview":"large","priority":null,"frequency":null,"local_seo":null,"breadcrumb_settings":null,"limit_modified_date":false,"ai":null,"created":"2020-12-20 21:35:42","updated":"2025-06-04 06:10:19","seo_analyzer_scan_date":null,"focus_keyword":null,"additional_keywords":null,"truseo_locale":null},"aioseo_breadcrumb":"<div class=\"aioseo-breadcrumbs\"><span class=\"aioseo-breadcrumb\">\n\t\t\t<a href=\"https:\/\/magyar-protestansok.de\" title=\"Home\">Home<\/a>\n\t\t<\/span><span class=\"aioseo-breadcrumb-separator\">&raquo;<\/span><span class=\"aioseo-breadcrumb\">\n\t\t\t<a href=\"https:\/\/magyar-protestansok.de\/?cat=13\" title=\"Allgemein\">Allgemein<\/a>\n\t\t<\/span><span class=\"aioseo-breadcrumb-separator\">&raquo;<\/span><span class=\"aioseo-breadcrumb\">\n\t\t\tJubileumot \u00fcnnepelt az Ulm-k\u00f6rny\u00e9ki Magyar Protest\u00e1ns Gy\u00fclekezet\n\t\t<\/span><\/div>","aioseo_breadcrumb_json":[{"label":"Home","link":"https:\/\/magyar-protestansok.de"},{"label":"Allgemein","link":"https:\/\/magyar-protestansok.de\/?cat=13"},{"label":"Jubileumot \u00fcnnepelt az Ulm-k\u00f6rny\u00e9ki Magyar Protest\u00e1ns Gy\u00fclekezet","link":"https:\/\/magyar-protestansok.de\/?p=825"}],"jetpack_sharing_enabled":true,"jetpack_featured_media_url":"","_links":{"self":[{"href":"https:\/\/magyar-protestansok.de\/index.php?rest_route=\/wp\/v2\/posts\/825","targetHints":{"allow":["GET"]}}],"collection":[{"href":"https:\/\/magyar-protestansok.de\/index.php?rest_route=\/wp\/v2\/posts"}],"about":[{"href":"https:\/\/magyar-protestansok.de\/index.php?rest_route=\/wp\/v2\/types\/post"}],"author":[{"embeddable":true,"href":"https:\/\/magyar-protestansok.de\/index.php?rest_route=\/wp\/v2\/users\/2"}],"replies":[{"embeddable":true,"href":"https:\/\/magyar-protestansok.de\/index.php?rest_route=%2Fwp%2Fv2%2Fcomments&post=825"}],"version-history":[{"count":0,"href":"https:\/\/magyar-protestansok.de\/index.php?rest_route=\/wp\/v2\/posts\/825\/revisions"}],"wp:attachment":[{"href":"https:\/\/magyar-protestansok.de\/index.php?rest_route=%2Fwp%2Fv2%2Fmedia&parent=825"}],"wp:term":[{"taxonomy":"category","embeddable":true,"href":"https:\/\/magyar-protestansok.de\/index.php?rest_route=%2Fwp%2Fv2%2Fcategories&post=825"},{"taxonomy":"post_tag","embeddable":true,"href":"https:\/\/magyar-protestansok.de\/index.php?rest_route=%2Fwp%2Fv2%2Ftags&post=825"}],"curies":[{"name":"wp","href":"https:\/\/api.w.org\/{rel}","templated":true}]}}