{"id":741,"date":"2019-04-02T15:34:22","date_gmt":"2019-04-02T13:34:22","guid":{"rendered":"http:\/\/magyar-protestansok.de\/?p=741"},"modified":"2019-04-02T15:34:23","modified_gmt":"2019-04-02T13:34:23","slug":"meghivo-2","status":"publish","type":"post","link":"https:\/\/magyar-protestansok.de\/?p=741","title":{"rendered":"Megh\u00edv\u00f3"},"content":{"rendered":"\n<p>Szeretettel k\u00fcldj\u00fck megh\u00edv\u00f3nkat a&nbsp;<strong>h\u00e1laad\u00f3 Integr\u00e1ci\u00f3s \u00dcnneps\u00e9g\u00fcnkre, melyet \u00e1prilis 6-\u00e1n \u00e9s 7-\u00e9n tartunk<\/strong>, Gy\u00fclekezet\u00fcnk a Bajor Reform\u00e1tus Egyh\u00e1zba \u00e9s a N\u00e9met Reform\u00e1tus Egyh\u00e1zba t\u00f6rt\u00e9nt bel\u00e9p\u00e9s\u00e9nek&nbsp;<strong>25. \u00e9vfordul\u00f3ja<\/strong>&nbsp;alkalm\u00e1b\u00f3l!<\/p>\n\n\n\n<p><a href=\"https:\/\/magyar-protestansok.de\/wp-content\/uploads\/2019\/04\/Einladung_-_Megh\u00edv\u00f3.pdf\">A csatolm\u00e1nyban megtal\u00e1lhat\u00f3<\/a> a r\u00e9szletes program magyarul \u00e9s n\u00e9met\u00fcl is.<\/p>\n\n\n\n<p>Nagyon h\u00e1l\u00e1sak vagyunk Istennek a bel\u00e9p\u00e9s lehet\u0151s\u00e9g\u00e9\u00e9rt, az az\u00f3ta is sokszor megtapasztalt h\u0171s\u00e9g\u00e9\u00e9rt, szeretet\u00e9\u00e9rt \u00e9s a 2018. decembere \u00f3ta b\u00e9relt gy\u00fclekezeti h\u00e1zunk\u00e9rt is!<\/p>\n\n\n\n<p>\u00c1prilis 6-\u00e1n, szombaton tartjuk az&nbsp;\u00dcnneps\u00e9g els\u0151 r\u00e9sz\u00e9t, amelyre sz\u00e1mos helyr\u0151l, t\u00f6bb n\u00e9met \u00e9s magyar reform\u00e1tus&nbsp;gy\u00fclekezetb\u0151l is v\u00e1runk vend\u00e9geket, majd 7-\u00e9n, vas\u00e1rnap, m\u00e9g folytatjuk a gy\u00fclekezeti nap keret\u00e9n bel\u00fcl.<\/p>\n\n\n\n<p><strong>Szombaton 11.00<\/strong>&nbsp;\u00f3rakor kezd\u0151dik az&nbsp;<strong>\u00fcnnepi h\u00e1laad\u00f3 Istentisztelet<\/strong>, majd k\u00f6z\u00f6s eb\u00e9det, k\u00f6sz\u00f6nt\u00e9seket, vissza- \u00e9s el\u0151retekint\u00e9st, illetve kultur\u00e1lis programot&nbsp;tervez\u00fcnk, te\u00e1z\u00e1ssal \/k\u00e1v\u00e9z\u00e1ssal, sok besz\u00e9lget\u00e9si lehet\u0151s\u00e9ggel. 16.00 \u00f3ra ut\u00e1n k\u00f6z\u00f6s \u00e1ld\u00e1ssal \u00e9r majd v\u00e9get a szombati r\u00e9sz.<\/p>\n\n\n\n<p><strong>Vas\u00e1rnap<\/strong><strong>11.00<\/strong>&nbsp;\u00f3r\u00e1t\u00f3l&nbsp;<strong>zen\u00e9s, kreat\u00edv istentiszteletet&nbsp;<\/strong>szeretn\u00e9nk tartani<strong>&nbsp;a Csal\u00e1doknak, az Ifj\u00fas\u00e1gnak \u00e9s az \u201eIfjaknak\u201c&nbsp;<\/strong>Simon Andr\u00e1s grafikusm\u0171v\u00e9sz verseivel, grafik\u00e1ival \u00e9s bizonys\u00e1gt\u00e9tel\u00e9vel, valamint ifj\u00fas\u00e1gi \u00e9nekekkel.<br \/>Istentisztelet ut\u00e1n k\u00f6z\u00f6s eb\u00e9d, te\u00e1z\u00e1s\/k\u00e1v\u00e9z\u00e1s majd konfirmandus \u00e9s ifj\u00fas\u00e1gi alkalom lesz, v\u00e9g\u00fcl k\u00f6z\u00f6s \u00e1ld\u00e1ssal \u00e9r majd v\u00e9get az \u00dcnneps\u00e9g.<\/p>\n\n\n\n<p>Szeretettel v\u00e1runk! Nagyon \u00f6r\u00fcln\u00e9nk, ha el tudn\u00e1tok j\u00f6nni \u00e9s egy\u00fctt \u00fcnnepelhetn\u00e9nk!<br \/>K\u00e9rj\u00fck, jelezz\u00e9tek \u00e1prilis 3-ig, ha az eb\u00e9den is r\u00e9szt tudn\u00e1tok venni! El\u0151re is k\u00f6sz\u00f6nj\u00fck!<\/p>\n\n\n\n<p>Az \u00daR \u00e1ld\u00e1s\u00e1t k\u00edv\u00e1nva a Presbit\u00e9rium nev\u00e9ben,<br \/>szeretettel:<\/p>\n\n\n\n<p>Dr. Baranyai R\u00e9ka<br \/>gondnok<\/p>\n","protected":false},"excerpt":{"rendered":"<p>Szeretettel k\u00fcldj\u00fck megh\u00edv\u00f3nkat a&nbsp;h\u00e1laad\u00f3 Integr\u00e1ci\u00f3s \u00dcnneps\u00e9g\u00fcnkre, melyet \u00e1prilis 6-\u00e1n \u00e9s 7-\u00e9n tartunk, Gy\u00fclekezet\u00fcnk a Bajor Reform\u00e1tus Egyh\u00e1zba \u00e9s a N\u00e9met Reform\u00e1tus Egyh\u00e1zba t\u00f6rt\u00e9nt bel\u00e9p\u00e9s\u00e9nek&nbsp;25. \u00e9vfordul\u00f3ja&nbsp;alkalm\u00e1b\u00f3l! A csatolm\u00e1nyban megtal\u00e1lhat\u00f3 a r\u00e9szletes program magyarul \u00e9s n\u00e9met\u00fcl is. Nagyon h\u00e1l\u00e1sak vagyunk Istennek a bel\u00e9p\u00e9s lehet\u0151s\u00e9g\u00e9\u00e9rt, az az\u00f3ta is sokszor megtapasztalt h\u0171s\u00e9g\u00e9\u00e9rt, szeretet\u00e9\u00e9rt \u00e9s a 2018. decembere \u00f3ta b\u00e9relt &#8230; <span class=\"more\"><a class=\"more-link\" href=\"https:\/\/magyar-protestansok.de\/?p=741\">[Tov\u00e1bb\/ Weiter&#8230;]<\/a><\/span><\/p>\n","protected":false},"author":2,"featured_media":0,"comment_status":"closed","ping_status":"open","sticky":false,"template":"","format":"standard","meta":{"om_disable_all_campaigns":false,"_monsterinsights_skip_tracking":false,"_monsterinsights_sitenote_active":false,"_monsterinsights_sitenote_note":"","_monsterinsights_sitenote_category":0,"_jetpack_memberships_contains_paid_content":false,"footnotes":""},"categories":[13],"tags":[],"class_list":{"0":"entry","1":"post","2":"publish","3":"author-tibi","4":"post-741","6":"format-standard","7":"category-allgemein-hu"},"aioseo_notices":[],"jetpack_featured_media_url":"","jetpack_sharing_enabled":true,"_links":{"self":[{"href":"https:\/\/magyar-protestansok.de\/index.php?rest_route=\/wp\/v2\/posts\/741","targetHints":{"allow":["GET"]}}],"collection":[{"href":"https:\/\/magyar-protestansok.de\/index.php?rest_route=\/wp\/v2\/posts"}],"about":[{"href":"https:\/\/magyar-protestansok.de\/index.php?rest_route=\/wp\/v2\/types\/post"}],"author":[{"embeddable":true,"href":"https:\/\/magyar-protestansok.de\/index.php?rest_route=\/wp\/v2\/users\/2"}],"replies":[{"embeddable":true,"href":"https:\/\/magyar-protestansok.de\/index.php?rest_route=%2Fwp%2Fv2%2Fcomments&post=741"}],"version-history":[{"count":0,"href":"https:\/\/magyar-protestansok.de\/index.php?rest_route=\/wp\/v2\/posts\/741\/revisions"}],"wp:attachment":[{"href":"https:\/\/magyar-protestansok.de\/index.php?rest_route=%2Fwp%2Fv2%2Fmedia&parent=741"}],"wp:term":[{"taxonomy":"category","embeddable":true,"href":"https:\/\/magyar-protestansok.de\/index.php?rest_route=%2Fwp%2Fv2%2Fcategories&post=741"},{"taxonomy":"post_tag","embeddable":true,"href":"https:\/\/magyar-protestansok.de\/index.php?rest_route=%2Fwp%2Fv2%2Ftags&post=741"}],"curies":[{"name":"wp","href":"https:\/\/api.w.org\/{rel}","templated":true}]}}