{"id":733,"date":"2019-02-20T13:37:42","date_gmt":"2019-02-20T11:37:42","guid":{"rendered":"http:\/\/magyar-protestansok.de\/?p=733"},"modified":"2019-02-20T13:37:44","modified_gmt":"2019-02-20T11:37:44","slug":"holzhauseni-emeik-konferencia","status":"publish","type":"post","link":"https:\/\/magyar-protestansok.de\/?p=733","title":{"rendered":"Holzhauseni EMEIK-Konferencia"},"content":{"rendered":"\n<p>2019 \u00e1prilis 13.-19. k\u00f6z\u00f6tt ker\u00fcl sor a 60. Eur\u00f3pai Magyar Evang\u00e9liumi Ifj\u00fas\u00e1gi Konferenci\u00e1ra a N\u00e9metorsz\u00e1gi Holzhausenben. A konferencia programja \u00e9s megh\u00edv\u00f3ja <a href=\"https:\/\/magyar-protestansok.de\/wp-content\/uploads\/2019\/02\/EMEIK_megh\u00edv\u00f3_2019.pdf\">itt t\u00f6lthet\u0151 le<\/a>. Jelentkez\u00e9s\u00e9hez k\u00e9rj\u00fck haszn\u00e1lja <a href=\"https:\/\/magyar-protestansok.de\/wp-content\/uploads\/2019\/02\/Jelentkez\u00e9si_lap.pdf\">a mell\u00e9kelt \u0171rlapot<\/a>.<\/p>\n","protected":false},"excerpt":{"rendered":"<p>2019 \u00e1prilis 13.-19. k\u00f6z\u00f6tt ker\u00fcl sor a 60. Eur\u00f3pai Magyar Evang\u00e9liumi Ifj\u00fas\u00e1gi Konferenci\u00e1ra a N\u00e9metorsz\u00e1gi Holzhausenben. A konferencia programja \u00e9s megh\u00edv\u00f3ja itt t\u00f6lthet\u0151 le. Jelentkez\u00e9s\u00e9hez k\u00e9rj\u00fck haszn\u00e1lja a mell\u00e9kelt \u0171rlapot.<\/p>\n","protected":false},"author":2,"featured_media":0,"comment_status":"closed","ping_status":"open","sticky":false,"template":"","format":"standard","meta":{"om_disable_all_campaigns":false,"_monsterinsights_skip_tracking":false,"_monsterinsights_sitenote_active":false,"_monsterinsights_sitenote_note":"","_monsterinsights_sitenote_category":0,"_jetpack_memberships_contains_paid_content":false,"footnotes":""},"categories":[13],"tags":[],"class_list":{"0":"entry","1":"post","2":"publish","3":"author-tibi","4":"post-733","6":"format-standard","7":"category-allgemein-hu"},"aioseo_notices":[],"jetpack_featured_media_url":"","jetpack_sharing_enabled":true,"_links":{"self":[{"href":"https:\/\/magyar-protestansok.de\/index.php?rest_route=\/wp\/v2\/posts\/733","targetHints":{"allow":["GET"]}}],"collection":[{"href":"https:\/\/magyar-protestansok.de\/index.php?rest_route=\/wp\/v2\/posts"}],"about":[{"href":"https:\/\/magyar-protestansok.de\/index.php?rest_route=\/wp\/v2\/types\/post"}],"author":[{"embeddable":true,"href":"https:\/\/magyar-protestansok.de\/index.php?rest_route=\/wp\/v2\/users\/2"}],"replies":[{"embeddable":true,"href":"https:\/\/magyar-protestansok.de\/index.php?rest_route=%2Fwp%2Fv2%2Fcomments&post=733"}],"version-history":[{"count":0,"href":"https:\/\/magyar-protestansok.de\/index.php?rest_route=\/wp\/v2\/posts\/733\/revisions"}],"wp:attachment":[{"href":"https:\/\/magyar-protestansok.de\/index.php?rest_route=%2Fwp%2Fv2%2Fmedia&parent=733"}],"wp:term":[{"taxonomy":"category","embeddable":true,"href":"https:\/\/magyar-protestansok.de\/index.php?rest_route=%2Fwp%2Fv2%2Fcategories&post=733"},{"taxonomy":"post_tag","embeddable":true,"href":"https:\/\/magyar-protestansok.de\/index.php?rest_route=%2Fwp%2Fv2%2Ftags&post=733"}],"curies":[{"name":"wp","href":"https:\/\/api.w.org\/{rel}","templated":true}]}}