{"id":728,"date":"2019-02-20T13:31:11","date_gmt":"2019-02-20T11:31:11","guid":{"rendered":"http:\/\/magyar-protestansok.de\/?p=728"},"modified":"2019-02-20T17:08:18","modified_gmt":"2019-02-20T15:08:18","slug":"holzhauseni-presbiteri-konferencia","status":"publish","type":"post","link":"https:\/\/magyar-protestansok.de\/?p=728","title":{"rendered":"Holzhauseni Presbiteri Konferencia"},"content":{"rendered":"\n<p>2019 \u00e1prilis 12.-14. k\u00f6z\u00f6tt ker\u00fcl sor a 17. Holzhauseni Presbiteri Konferenci\u00e1ra. A konferenci\u00e1ra h\u00edv\u00f3 lev\u00e9l <a href=\"https:\/\/magyar-protestansok.de\/wp-content\/uploads\/2019\/02\/Megh\u00edv\u00f3_sz\u00f6veg_Presb._Konf.2019.pdf\">itt t\u00f6lthet\u0151 le<\/a>. A konferenci\u00e1ra val\u00f3 jelentkez\u00e9shez haszn\u00e1lja a szervez\u0151 bizotts\u00e1g \u00e1ltal el\u0151k\u00e9sz\u00edtett <a href=\"https:\/\/magyar-protestansok.de\/wp-content\/uploads\/2019\/02\/17._Presbiteri_Konferencia_program_jelentkez\u00e9si_\u00edv_.pdf\">jelentkez\u00e9si \u00edvet<\/a>, amely egyben a konferencia programj\u00e1t is tartalmazza.<br \/><\/p>\n","protected":false},"excerpt":{"rendered":"<p>2019 \u00e1prilis 12.-14. k\u00f6z\u00f6tt ker\u00fcl sor a 17. Holzhauseni Presbiteri Konferenci\u00e1ra. A konferenci\u00e1ra h\u00edv\u00f3 lev\u00e9l itt t\u00f6lthet\u0151 le. A konferenci\u00e1ra val\u00f3 jelentkez\u00e9shez haszn\u00e1lja a szervez\u0151 bizotts\u00e1g \u00e1ltal el\u0151k\u00e9sz\u00edtett jelentkez\u00e9si \u00edvet, amely egyben a konferencia programj\u00e1t is tartalmazza.<\/p>\n","protected":false},"author":2,"featured_media":0,"comment_status":"closed","ping_status":"open","sticky":false,"template":"","format":"standard","meta":{"om_disable_all_campaigns":false,"_monsterinsights_skip_tracking":false,"_monsterinsights_sitenote_active":false,"_monsterinsights_sitenote_note":"","_monsterinsights_sitenote_category":0,"_jetpack_memberships_contains_paid_content":false,"footnotes":""},"categories":[13],"tags":[],"class_list":{"0":"entry","1":"post","2":"publish","3":"author-tibi","4":"post-728","6":"format-standard","7":"category-allgemein-hu"},"aioseo_notices":[],"jetpack_featured_media_url":"","jetpack_sharing_enabled":true,"_links":{"self":[{"href":"https:\/\/magyar-protestansok.de\/index.php?rest_route=\/wp\/v2\/posts\/728","targetHints":{"allow":["GET"]}}],"collection":[{"href":"https:\/\/magyar-protestansok.de\/index.php?rest_route=\/wp\/v2\/posts"}],"about":[{"href":"https:\/\/magyar-protestansok.de\/index.php?rest_route=\/wp\/v2\/types\/post"}],"author":[{"embeddable":true,"href":"https:\/\/magyar-protestansok.de\/index.php?rest_route=\/wp\/v2\/users\/2"}],"replies":[{"embeddable":true,"href":"https:\/\/magyar-protestansok.de\/index.php?rest_route=%2Fwp%2Fv2%2Fcomments&post=728"}],"version-history":[{"count":0,"href":"https:\/\/magyar-protestansok.de\/index.php?rest_route=\/wp\/v2\/posts\/728\/revisions"}],"wp:attachment":[{"href":"https:\/\/magyar-protestansok.de\/index.php?rest_route=%2Fwp%2Fv2%2Fmedia&parent=728"}],"wp:term":[{"taxonomy":"category","embeddable":true,"href":"https:\/\/magyar-protestansok.de\/index.php?rest_route=%2Fwp%2Fv2%2Fcategories&post=728"},{"taxonomy":"post_tag","embeddable":true,"href":"https:\/\/magyar-protestansok.de\/index.php?rest_route=%2Fwp%2Fv2%2Ftags&post=728"}],"curies":[{"name":"wp","href":"https:\/\/api.w.org\/{rel}","templated":true}]}}