{"id":708,"date":"2018-12-10T20:55:30","date_gmt":"2018-12-10T18:55:30","guid":{"rendered":"http:\/\/magyar-protestansok.de\/?p=708"},"modified":"2018-12-10T20:55:48","modified_gmt":"2018-12-10T18:55:48","slug":"gyulekezeti-hirek","status":"publish","type":"post","link":"https:\/\/magyar-protestansok.de\/?p=708","title":{"rendered":"Gy\u00fclekezeti h\u00edrek"},"content":{"rendered":"\n<p>Tisztelt olvas\u00f3ink figyelm\u00e9be aj\u00e1nljuk a Rajna-Vesztf\u00e1liai magyar protest\u00e1ns gy\u00fclekezet h\u00edreit. A k\u00f6rlev\u00e9l <a href=\"https:\/\/magyar-protestansok.de\/?attachment_id=710\">itt<\/a> \u00e9rhet\u0151 el.<br \/><\/p>\n","protected":false},"excerpt":{"rendered":"<p>Tisztelt olvas\u00f3ink figyelm\u00e9be aj\u00e1nljuk a Rajna-Vesztf\u00e1liai magyar protest\u00e1ns gy\u00fclekezet h\u00edreit. A k\u00f6rlev\u00e9l itt \u00e9rhet\u0151 el.<\/p>\n","protected":false},"author":2,"featured_media":0,"comment_status":"closed","ping_status":"open","sticky":false,"template":"","format":"standard","meta":{"om_disable_all_campaigns":false,"_monsterinsights_skip_tracking":false,"_monsterinsights_sitenote_active":false,"_monsterinsights_sitenote_note":"","_monsterinsights_sitenote_category":0,"_jetpack_memberships_contains_paid_content":false,"footnotes":""},"categories":[13],"tags":[85,84],"class_list":{"0":"entry","1":"post","2":"publish","3":"author-tibi","4":"post-708","6":"format-standard","7":"category-allgemein-hu","8":"post_tag-protestanshirado","9":"post_tag-rajnavesztfalia"},"aioseo_notices":[],"jetpack_featured_media_url":"","jetpack_sharing_enabled":true,"_links":{"self":[{"href":"https:\/\/magyar-protestansok.de\/index.php?rest_route=\/wp\/v2\/posts\/708","targetHints":{"allow":["GET"]}}],"collection":[{"href":"https:\/\/magyar-protestansok.de\/index.php?rest_route=\/wp\/v2\/posts"}],"about":[{"href":"https:\/\/magyar-protestansok.de\/index.php?rest_route=\/wp\/v2\/types\/post"}],"author":[{"embeddable":true,"href":"https:\/\/magyar-protestansok.de\/index.php?rest_route=\/wp\/v2\/users\/2"}],"replies":[{"embeddable":true,"href":"https:\/\/magyar-protestansok.de\/index.php?rest_route=%2Fwp%2Fv2%2Fcomments&post=708"}],"version-history":[{"count":0,"href":"https:\/\/magyar-protestansok.de\/index.php?rest_route=\/wp\/v2\/posts\/708\/revisions"}],"wp:attachment":[{"href":"https:\/\/magyar-protestansok.de\/index.php?rest_route=%2Fwp%2Fv2%2Fmedia&parent=708"}],"wp:term":[{"taxonomy":"category","embeddable":true,"href":"https:\/\/magyar-protestansok.de\/index.php?rest_route=%2Fwp%2Fv2%2Fcategories&post=708"},{"taxonomy":"post_tag","embeddable":true,"href":"https:\/\/magyar-protestansok.de\/index.php?rest_route=%2Fwp%2Fv2%2Ftags&post=708"}],"curies":[{"name":"wp","href":"https:\/\/api.w.org\/{rel}","templated":true}]}}