{"id":706,"date":"2018-12-10T20:46:02","date_gmt":"2018-12-10T18:46:02","guid":{"rendered":"http:\/\/magyar-protestansok.de\/?p=706"},"modified":"2018-12-10T20:46:03","modified_gmt":"2018-12-10T18:46:03","slug":"interju-osztondijasokkal","status":"publish","type":"post","link":"https:\/\/magyar-protestansok.de\/?p=706","title":{"rendered":"Interj\u00fa \u00f6szt\u00f6nd\u00edjasokkal"},"content":{"rendered":"\n<figure class=\"wp-block-embed-youtube alignright wp-block-embed is-type-video is-provider-youtube wp-embed-aspect-16-9 wp-has-aspect-ratio\"><div class=\"wp-block-embed__wrapper\">\n<iframe loading=\"lazy\" width=\"700\" height=\"394\" src=\"https:\/\/www.youtube.com\/embed\/N-oVdv2WsrQ?feature=oembed\" frameborder=\"0\" allow=\"accelerometer; autoplay; encrypted-media; gyroscope; picture-in-picture\" allowfullscreen><\/iframe>\n<\/div><\/figure>\n\n\n\n<p>Besz\u00e9lget\u00e9s a K\u0151r\u00f6si-Csoma-S\u00e1ndor program egyh\u00e1zi \u00f6szt\u00f6nd\u00edjasaival Hannoverben.\u00a0 A vide\u00f3anyag a programm Youtube-csatorn\u00e1j\u00e1r\u00f3l sz\u00e1rmazik.<br \/><\/p>\n","protected":false},"excerpt":{"rendered":"<p>Besz\u00e9lget\u00e9s a K\u0151r\u00f6si-Csoma-S\u00e1ndor program egyh\u00e1zi \u00f6szt\u00f6nd\u00edjasaival Hannoverben.\u00a0 A vide\u00f3anyag a programm Youtube-csatorn\u00e1j\u00e1r\u00f3l sz\u00e1rmazik.<\/p>\n","protected":false},"author":2,"featured_media":0,"comment_status":"closed","ping_status":"open","sticky":false,"template":"","format":"standard","meta":{"om_disable_all_campaigns":false,"_monsterinsights_skip_tracking":false,"_monsterinsights_sitenote_active":false,"_monsterinsights_sitenote_note":"","_monsterinsights_sitenote_category":0,"_jetpack_memberships_contains_paid_content":false,"footnotes":""},"categories":[13],"tags":[81],"class_list":{"0":"entry","1":"post","2":"publish","3":"author-tibi","4":"post-706","6":"format-standard","7":"category-allgemein-hu","8":"post_tag-kcsp"},"aioseo_notices":[],"jetpack_featured_media_url":"","jetpack_sharing_enabled":true,"_links":{"self":[{"href":"https:\/\/magyar-protestansok.de\/index.php?rest_route=\/wp\/v2\/posts\/706","targetHints":{"allow":["GET"]}}],"collection":[{"href":"https:\/\/magyar-protestansok.de\/index.php?rest_route=\/wp\/v2\/posts"}],"about":[{"href":"https:\/\/magyar-protestansok.de\/index.php?rest_route=\/wp\/v2\/types\/post"}],"author":[{"embeddable":true,"href":"https:\/\/magyar-protestansok.de\/index.php?rest_route=\/wp\/v2\/users\/2"}],"replies":[{"embeddable":true,"href":"https:\/\/magyar-protestansok.de\/index.php?rest_route=%2Fwp%2Fv2%2Fcomments&post=706"}],"version-history":[{"count":0,"href":"https:\/\/magyar-protestansok.de\/index.php?rest_route=\/wp\/v2\/posts\/706\/revisions"}],"wp:attachment":[{"href":"https:\/\/magyar-protestansok.de\/index.php?rest_route=%2Fwp%2Fv2%2Fmedia&parent=706"}],"wp:term":[{"taxonomy":"category","embeddable":true,"href":"https:\/\/magyar-protestansok.de\/index.php?rest_route=%2Fwp%2Fv2%2Fcategories&post=706"},{"taxonomy":"post_tag","embeddable":true,"href":"https:\/\/magyar-protestansok.de\/index.php?rest_route=%2Fwp%2Fv2%2Ftags&post=706"}],"curies":[{"name":"wp","href":"https:\/\/api.w.org\/{rel}","templated":true}]}}