{"id":647,"date":"2017-12-17T15:55:56","date_gmt":"2017-12-17T13:55:56","guid":{"rendered":"http:\/\/magyar-protestansok.de\/?p=647"},"modified":"2017-12-17T15:55:56","modified_gmt":"2017-12-17T13:55:56","slug":"megjelent-a-hal-adventi-kiadasa","status":"publish","type":"post","link":"https:\/\/magyar-protestansok.de\/?p=647","title":{"rendered":"Megjelent a HAL adventi kiad\u00e1sa"},"content":{"rendered":"<p>Kedves olvas\u00f3ink!<\/p>\n<p>Nagy \u00f6r\u00f6mmel k\u00f6z\u00f6lj\u00fck, hogy megjelent a HAL, az ulmi gy\u00fclekezete h\u00edrviv\u0151je adventi sz\u00e1ma. Let\u00f6lt\u00e9s itt: <a href=\"https:\/\/magyar-protestansok.de\/wp-content\/uploads\/2017\/12\/A-HAL-adv.-2017.pdf\">A HAL &#8211; adv. 2017<\/a>.<\/p>\n","protected":false},"excerpt":{"rendered":"<p>Kedves olvas\u00f3ink! Nagy \u00f6r\u00f6mmel k\u00f6z\u00f6lj\u00fck, hogy megjelent a HAL, az ulmi gy\u00fclekezete h\u00edrviv\u0151je adventi sz\u00e1ma. Let\u00f6lt\u00e9s itt: A HAL &#8211; adv. 2017.<\/p>\n","protected":false},"author":2,"featured_media":0,"comment_status":"closed","ping_status":"open","sticky":false,"template":"","format":"standard","meta":{"om_disable_all_campaigns":false,"_monsterinsights_skip_tracking":false,"_monsterinsights_sitenote_active":false,"_monsterinsights_sitenote_note":"","_monsterinsights_sitenote_category":0,"_jetpack_memberships_contains_paid_content":false,"footnotes":""},"categories":[13],"tags":[],"class_list":{"0":"entry","1":"post","2":"publish","3":"author-tibi","4":"post-647","6":"format-standard","7":"category-allgemein-hu"},"aioseo_notices":[],"jetpack_featured_media_url":"","jetpack_sharing_enabled":true,"_links":{"self":[{"href":"https:\/\/magyar-protestansok.de\/index.php?rest_route=\/wp\/v2\/posts\/647","targetHints":{"allow":["GET"]}}],"collection":[{"href":"https:\/\/magyar-protestansok.de\/index.php?rest_route=\/wp\/v2\/posts"}],"about":[{"href":"https:\/\/magyar-protestansok.de\/index.php?rest_route=\/wp\/v2\/types\/post"}],"author":[{"embeddable":true,"href":"https:\/\/magyar-protestansok.de\/index.php?rest_route=\/wp\/v2\/users\/2"}],"replies":[{"embeddable":true,"href":"https:\/\/magyar-protestansok.de\/index.php?rest_route=%2Fwp%2Fv2%2Fcomments&post=647"}],"version-history":[{"count":0,"href":"https:\/\/magyar-protestansok.de\/index.php?rest_route=\/wp\/v2\/posts\/647\/revisions"}],"wp:attachment":[{"href":"https:\/\/magyar-protestansok.de\/index.php?rest_route=%2Fwp%2Fv2%2Fmedia&parent=647"}],"wp:term":[{"taxonomy":"category","embeddable":true,"href":"https:\/\/magyar-protestansok.de\/index.php?rest_route=%2Fwp%2Fv2%2Fcategories&post=647"},{"taxonomy":"post_tag","embeddable":true,"href":"https:\/\/magyar-protestansok.de\/index.php?rest_route=%2Fwp%2Fv2%2Ftags&post=647"}],"curies":[{"name":"wp","href":"https:\/\/api.w.org\/{rel}","templated":true}]}}