{"id":617,"date":"2017-01-23T22:33:11","date_gmt":"2017-01-23T20:33:11","guid":{"rendered":"http:\/\/magyar-protestansok.de\/?p=617"},"modified":"2017-01-23T22:33:11","modified_gmt":"2017-01-23T20:33:11","slug":"protestans-hirado-2","status":"publish","type":"post","link":"https:\/\/magyar-protestansok.de\/?p=617","title":{"rendered":"Protest\u00e1ns H\u00edrad\u00f3"},"content":{"rendered":"<p>Tisztelt olvas\u00f3ink, megjelent a Rajna-Vesztf\u00e1liai Protest\u00e1ns Gy\u00fclekezet gy\u00fclekezeti lapj\u00e1nak 2017\/1-es sz\u00e1ma, amelyet <a href=\"https:\/\/magyar-protestansok.de\/wp-content\/uploads\/2017\/01\/Hirado_2017-1.pdf\">itt<\/a> lehet let\u00f6lteni.<\/p>\n","protected":false},"excerpt":{"rendered":"<p>Tisztelt olvas\u00f3ink, megjelent a Rajna-Vesztf\u00e1liai Protest\u00e1ns Gy\u00fclekezet gy\u00fclekezeti lapj\u00e1nak 2017\/1-es sz\u00e1ma, amelyet itt lehet let\u00f6lteni.<\/p>\n","protected":false},"author":2,"featured_media":0,"comment_status":"closed","ping_status":"open","sticky":false,"template":"","format":"standard","meta":{"om_disable_all_campaigns":false,"_monsterinsights_skip_tracking":false,"_monsterinsights_sitenote_active":false,"_monsterinsights_sitenote_note":"","_monsterinsights_sitenote_category":0,"_jetpack_memberships_contains_paid_content":false,"footnotes":""},"categories":[13],"tags":[],"class_list":{"0":"entry","1":"post","2":"publish","3":"author-tibi","4":"post-617","6":"format-standard","7":"category-allgemein-hu"},"aioseo_notices":[],"jetpack_featured_media_url":"","jetpack_sharing_enabled":true,"_links":{"self":[{"href":"https:\/\/magyar-protestansok.de\/index.php?rest_route=\/wp\/v2\/posts\/617","targetHints":{"allow":["GET"]}}],"collection":[{"href":"https:\/\/magyar-protestansok.de\/index.php?rest_route=\/wp\/v2\/posts"}],"about":[{"href":"https:\/\/magyar-protestansok.de\/index.php?rest_route=\/wp\/v2\/types\/post"}],"author":[{"embeddable":true,"href":"https:\/\/magyar-protestansok.de\/index.php?rest_route=\/wp\/v2\/users\/2"}],"replies":[{"embeddable":true,"href":"https:\/\/magyar-protestansok.de\/index.php?rest_route=%2Fwp%2Fv2%2Fcomments&post=617"}],"version-history":[{"count":0,"href":"https:\/\/magyar-protestansok.de\/index.php?rest_route=\/wp\/v2\/posts\/617\/revisions"}],"wp:attachment":[{"href":"https:\/\/magyar-protestansok.de\/index.php?rest_route=%2Fwp%2Fv2%2Fmedia&parent=617"}],"wp:term":[{"taxonomy":"category","embeddable":true,"href":"https:\/\/magyar-protestansok.de\/index.php?rest_route=%2Fwp%2Fv2%2Fcategories&post=617"},{"taxonomy":"post_tag","embeddable":true,"href":"https:\/\/magyar-protestansok.de\/index.php?rest_route=%2Fwp%2Fv2%2Ftags&post=617"}],"curies":[{"name":"wp","href":"https:\/\/api.w.org\/{rel}","templated":true}]}}