{"id":564,"date":"2016-12-01T23:47:20","date_gmt":"2016-12-01T21:47:20","guid":{"rendered":"http:\/\/magyar-protestansok.de\/?p=564"},"modified":"2016-12-02T00:02:05","modified_gmt":"2016-12-01T22:02:05","slug":"beszamolo-a-nemetorszagi-magyar-ajku-protestans-gyuelekezetek-szoevetsege-koezgyuleserol","status":"publish","type":"post","link":"https:\/\/magyar-protestansok.de\/?p=564","title":{"rendered":"Besz\u00e1mol\u00f3 a N\u00e9metorsz\u00e1gi Magyar-ajk\u00fa Protest\u00e1ns Gy\u00fclekezetek Sz\u00f6vets\u00e9ge k\u00f6zgy\u0171l\u00e9s\u00e9r\u0151l"},"content":{"rendered":"<p class=\"western\" lang=\"hu-HU\" style=\"text-align: left;\" align=\"center\"><em><span style=\"font-family: Linux Libertine Display O;\"><span style=\"font-size: medium;\">Hannover, 2016. November 28.<\/span><\/span><\/em><\/p>\n<p class=\"western\" lang=\"hu-HU\"><span style=\"font-family: Linux Libertine Display O;\"><span style=\"font-size: medium;\">Imm\u00e1ron az \u00f6t\u00f6dik rendes k\u00f6zgy\u0171l\u00e9s\u00e9t tartotta id\u00e9n a 2012-ben alakult N\u00e9metorsz\u00e1gi Magyar-ajk\u00fa Protest\u00e1ns Gy\u00fclekezetek Sz\u00f6vets\u00e9ge (e.V.) Hannoverben, az EKD (Evangelische Kirche in Deutschland) sz\u00e9kh\u00e1z\u00e1ban. Erre a k\u00f6zgy\u0171l\u00e9sre 8 taggy\u00fclekezet k\u00fcldte el k\u00e9pvisel\u0151j\u00e9t (egyed\u00fcl a berlini gy\u00fclekezet k\u00fcld\u00f6tt csup\u00e1n egy \u00edr\u00e1sbeli \u00e9vi jelent\u00e9st), de a k\u00f6zgy\u0171l\u00e9sen jelen voltak \u00e9rdekl\u0151d\u0151 vend\u00e9gek is. Az anyaorsz\u00e1gi, sz\u00f6vets\u00e9g\u00fcnket t\u00e1mogat\u00f3 egyh\u00e1zakat Cselovszkyn\u00e9, dr. Tarr Kl\u00e1ra k\u00e9pviselte, \u00edgy az idei advent els\u0151 munkanapj\u00e1n mintegy 30 r\u00e9sztvev\u0151 \u00fcl\u00e9sezett Hannoverben.<\/span><\/span><\/p>\n<p lang=\"hu-HU\"><span style=\"font-family: Linux Libertine Display O;\"><span style=\"font-size: medium;\"> A k\u00f6zgy\u0171l\u00e9s 20 t\u00e1rgysorozati pontot t\u00e1rgyalt, amelyek k\u00f6z\u00fcl k\u00fcl\u00f6n\u00f6sen a k\u00f6vetkez\u0151ket szeretn\u00e9m kiemelni: a 2017-es \u00e9v k\u00f6lts\u00e9gvet\u00e9s\u00e9nek megt\u00e1rgyal\u00e1s\u00e1t \u00e9s elfogad\u00e1s\u00e1t, az \u00faj eln\u00f6ks\u00e9g megv\u00e1laszt\u00e1s\u00e1t, anyagi helyzet\u00fcnk megbesz\u00e9l\u00e9s\u00e9t, valamint a gy\u00fclekezetekben ez \u00e9vben t\u00f6rt\u00e9nt szem\u00e9lyi v\u00e1ltoz\u00e1sokat. Term\u00e9szetesen meghallgattuk ez alkalommal is az anyaegyh\u00e1zak k\u00e9pvisel\u0151j\u00e9nek besz\u00e1mol\u00f3j\u00e1t \u00e9s k\u00f6sz\u00f6netet mondtunk az anyagi \u00e9s erk\u00f6lcsi t\u00e1mogat\u00e1s\u00e9rt. A reform\u00e1ci\u00f3 jubileumi rendezv\u00e9nyeir\u0151l is besz\u00e9lt\u00fcnk, hiszen 2017-ben mi is r\u00e9szt vesz\u00fcnk ezekben.<\/span><\/span><\/p>\n<p lang=\"hu-HU\"><span style=\"font-family: Linux Libertine Display O;\"><span style=\"font-size: medium;\"> N\u00e9metorsz\u00e1gi Sz\u00f6vets\u00e9g\u00fcnk anyagi helyzete 2016 v\u00e9g\u00e9n stabil \u2013 aminek nagyon \u00f6rvend\u00fcnk \u2013, a tov\u00e1bbiakban is pontos \u00e9s idej\u00e9ben elk\u00e9sz\u00fclt elsz\u00e1mol\u00e1st v\u00e1runk a p\u00e9nzt\u00e1rosainkt\u00f3l. A n\u00e9met ad\u00f3hivatal fel\u00e9 Sz\u00f6vets\u00e9g\u00fcnket \u2013 amely egy n\u00e9metorsz\u00e1gi bejegyzett egyes\u00fcletk\u00e9nt m\u0171k\u00f6dik \u2013 egy n\u00e9met ad\u00f3tan\u00e1csad\u00f3 iroda pontos \u00e9vi elsz\u00e1mol\u00e1ssal \u00e9s egyben ellen\u0151rz\u00e9ssel k\u00e9pviseli. A 2017-es \u00e9vi k\u00f6lts\u00e9gvet\u00e9st a k\u00f6zgy\u0171l\u00e9s a Sz\u00f6vets\u00e9g sz\u00e1m\u00e1ra 165.405. \u20ac \u00f6sszegben fogadta el (ebben benne vannak az egyes gy\u00fclekezetek saj\u00e1t k\u00f6lts\u00e9gvet\u00e9sei is).<\/span><\/span><\/p>\n<p lang=\"hu-HU\"><span style=\"font-family: Linux Libertine Display O;\"><span style=\"font-size: medium;\"> A szem\u00e9lyi v\u00e1ltoz\u00e1sok ter\u00e9n 2016 t\u00f6bbek k\u00f6z\u00f6tt a k\u00f6vetkez\u0151 \u00fajdons\u00e1gokkal szolg\u00e1lt: szeptember \u00f3ta \u00faj seg\u00e9dlelk\u00e9sz v\u00e9gzi a szolg\u00e1latokat Heidelberg, Frankfurt \u00e9s Mainz magyar gy\u00fclekezeteiben. Ennek alapja a Debreceni Teol\u00f3giai Fakult\u00e1ssal k\u00f6t\u00f6tt szerz\u0151d\u00e9s. Seres Annam\u00e1ria, akit az eln\u00f6k k\u00fcl\u00f6n k\u00f6sz\u00f6nt\u00f6tt, a k\u00f6zgy\u0171l\u00e9s nyit\u00f3 \u00e1h\u00edtat\u00e1t is megtartotta. K\u00f6sz\u00f6net illeti e helyen az el\u0151z\u0151 debreceni kik\u00fcld\u00f6ttet, Csat\u00e1ri B\u00edbork\u00e1t is az itteni eredm\u00e9nyes szolg\u00e1latai\u00e9rt. Egy lelk\u00e9szn\u0151nk, Magyar Vir\u00e1g id\u00e9n novemberben elhagyta N\u00e9metorsz\u00e1got, szolg\u00e1lat\u00e1t egy Ausztriai gy\u00fclekezetben folytatja. Berlini gy\u00fclekezet\u00fcnk 2017 elej\u00e9re v\u00e1rja egy \u00faj magyarorsz\u00e1gi evang\u00e9likus \u00f6szt\u00f6nd\u00edjas teol\u00f3gus \u00e9rkez\u00e9s\u00e9t \u00e9s szolg\u00e1latait. Sz\u00f6vets\u00e9g\u00fcnknek jelenleg 6 fizetett alkalmazottja van (lelkip\u00e1sztorok, \u00f6szt\u00f6nd\u00edjasok, egy titk\u00e1r \u00e9s egy k\u00f6nyvel\u0151).<\/span><\/span><\/p>\n<p lang=\"hu-HU\"><span style=\"font-family: Linux Libertine Display O;\"><span style=\"font-size: medium;\"> Az \u00faj eln\u00f6ks\u00e9get a k\u00f6zgy\u0171l\u00e9s 2 \u00e9vre v\u00e1lasztotta meg. Eln\u00f6k: Varga P\u00e1l (Ulmi gy\u00fclekezet), aleln\u00f6k: G\u00e9mes P\u00e1l (stuttgarti gy\u00fclekezet), kincst\u00e1rnok: Orosz M\u00e1ria (\u00c9szak-N\u00e9metorsz\u00e1gi gy\u00fclekezet) \u00e9s tov\u00e1bbi 2 eln\u00f6ks\u00e9gi tag: Nagy Etelka (a Rajna-Vesztf\u00e1liai gy\u00fclekezet presbitere) \u00e9s Seifert Andr\u00e1s (a m\u00fcncheni gy\u00fclekezet gondnoka).<\/span><\/span><\/p>\n<p lang=\"hu-HU\"><span style=\"font-family: Linux Libertine Display O;\"><span style=\"font-size: medium;\"> N\u00e9metorsz\u00e1gi Sz\u00f6vets\u00e9g\u00fcnk j\u00f3 kapcsolatokat \u00e1pol a K\u00e1rp\u00e1t-medence t\u00f6rt\u00e9nelmi magyar egyh\u00e1zaival (a Magyar Evang\u00e9likus Egyh\u00e1zzal \u00e9s a Reform\u00e1tus Gener\u00e1lis Konventtel), az EKD illet\u00e9kes k\u00e9pvisel\u0151ivel, a mi gy\u00fclekezeteinket befogad\u00f3 helyi n\u00e9met gy\u00fclekezetekkel, a Nyugat-Eur\u00f3pai Magyar Protest\u00e1ns Gy\u00fclekezetek Sz\u00f6vets\u00e9g\u00e9vel. Sz\u00f6vets\u00e9g\u00fcnk szervezi ill. t\u00e1mogatja a N\u00e9metorsz\u00e1gi Holzhausenben \u00e9vente megrendez\u00e9sre ker\u00fcl\u0151 Nyugat-Eur\u00f3pai Magyar Presbiteri Konferenci\u00e1t \u00e9s az Ifj\u00fas\u00e1gi Konferenci\u00e1t.<\/span><\/span><\/p>\n<p lang=\"hu-HU\"><span style=\"font-family: Linux Libertine Display O;\"><span style=\"font-size: medium;\"><span lang=\"hu-HU\">H<\/span><\/span><\/span><span style=\"font-family: Linux Libertine Display O;\"><span style=\"font-size: medium;\"><span lang=\"hu-HU\">\u00edreinket <\/span><\/span><\/span><span style=\"font-family: Linux Libertine Display O;\"><span style=\"font-size: medium;\"><span lang=\"hu-HU\">sz\u00f6vets\u00e9g\u00fcnk<\/span><\/span><\/span><span style=\"font-family: Linux Libertine Display O;\"><span style=\"font-size: medium;\"><span lang=\"hu-HU\"> honlapj\u00e1n, a <\/span><\/span><\/span><span style=\"font-family: Linux Libertine Display O;\"><span style=\"font-size: medium;\"><span lang=\"hu-HU\"><a href=\"http:\/\/www.magyar-protestansok.de\/\">http:\/\/www.magyar-protestansok.de<\/a> alatt k\u00f6z\u00f6lj\u00fck <\/span><\/span><\/span><span style=\"font-family: Linux Libertine Display O;\"><span style=\"font-size: medium;\"><span lang=\"hu-HU\">\u00e9s ezen kereszt\u00fcl keress\u00fck a kapcsolatot a N\u00e9metorsz\u00e1gban vend\u00e9gmunk\u00e1sk\u00e9nt dolgoz\u00f3kkal is.<\/span><\/span><\/span><\/p>\n<p lang=\"hu-HU\"><span style=\"font-family: Linux Libertine Display O;\"><span style=\"font-size: medium;\"> A k\u00f6vetkez\u0151 k\u00f6zgy\u0171l\u00e9s\u00fcnk id\u0151pontja: 2017 dec. 4. Tal\u00e1lkoz\u00f3nknak ism\u00e9t az EKD sz\u00e9kh\u00e1za ad otthont.<\/span><\/span><\/p>\n<p lang=\"hu-HU\"><span style=\"font-family: Linux Libertine Display O;\"><span style=\"font-size: medium;\">\u00d6ssze\u00e1ll\u00edtotta: Varga P\u00e1l eln\u00f6k<\/span><\/span><\/p>\n<p lang=\"hu-HU\"><a href=\"https:\/\/magyar-protestansok.de\/wp-content\/uploads\/2016\/12\/Csoport-2016-1.jpg\"><img loading=\"lazy\" decoding=\"async\" class=\"alignnone size-medium_large wp-image-571\" src=\"https:\/\/magyar-protestansok.de\/wp-content\/uploads\/2016\/12\/Csoport-2016-1-768x576.jpg\" alt=\"Csoportk\u00e9p\" width=\"700\" height=\"525\" srcset=\"https:\/\/magyar-protestansok.de\/wp-content\/uploads\/2016\/12\/Csoport-2016-1-768x576.jpg 768w, https:\/\/magyar-protestansok.de\/wp-content\/uploads\/2016\/12\/Csoport-2016-1-300x225.jpg 300w, https:\/\/magyar-protestansok.de\/wp-content\/uploads\/2016\/12\/Csoport-2016-1-1024x768.jpg 1024w, https:\/\/magyar-protestansok.de\/wp-content\/uploads\/2016\/12\/Csoport-2016-1.jpg 1632w\" sizes=\"auto, (max-width: 700px) 100vw, 700px\" \/><\/a><\/p>\n<p><span style=\"font-family: Linux Libertine Display O;\">\u00a9<\/span><span style=\"font-family: Linux Libertine Display O;\"> Z\u00e1mb\u00f3 B\u00e9la<\/span><\/p>\n","protected":false},"excerpt":{"rendered":"<p>Hannover, 2016. November 28. Imm\u00e1ron az \u00f6t\u00f6dik rendes k\u00f6zgy\u0171l\u00e9s\u00e9t tartotta id\u00e9n a 2012-ben alakult N\u00e9metorsz\u00e1gi Magyar-ajk\u00fa Protest\u00e1ns Gy\u00fclekezetek Sz\u00f6vets\u00e9ge (e.V.) Hannoverben, az EKD (Evangelische Kirche in Deutschland) sz\u00e9kh\u00e1z\u00e1ban. Erre a k\u00f6zgy\u0171l\u00e9sre 8 taggy\u00fclekezet k\u00fcldte el k\u00e9pvisel\u0151j\u00e9t (egyed\u00fcl a berlini gy\u00fclekezet k\u00fcld\u00f6tt csup\u00e1n egy \u00edr\u00e1sbeli \u00e9vi jelent\u00e9st), de a k\u00f6zgy\u0171l\u00e9sen jelen voltak \u00e9rdekl\u0151d\u0151 vend\u00e9gek is. Az &#8230; <span class=\"more\"><a class=\"more-link\" href=\"https:\/\/magyar-protestansok.de\/?p=564\">[Tov\u00e1bb\/ Weiter&#8230;]<\/a><\/span><\/p>\n","protected":false},"author":2,"featured_media":0,"comment_status":"closed","ping_status":"open","sticky":false,"template":"","format":"standard","meta":{"om_disable_all_campaigns":false,"_monsterinsights_skip_tracking":false,"_monsterinsights_sitenote_active":false,"_monsterinsights_sitenote_note":"","_monsterinsights_sitenote_category":0,"_jetpack_memberships_contains_paid_content":false,"footnotes":""},"categories":[74,36],"tags":[],"class_list":{"0":"entry","1":"post","2":"publish","3":"author-tibi","4":"post-564","6":"format-standard","7":"category-kozgyules","8":"category-talalkozok"},"aioseo_notices":[],"jetpack_featured_media_url":"","jetpack_sharing_enabled":true,"_links":{"self":[{"href":"https:\/\/magyar-protestansok.de\/index.php?rest_route=\/wp\/v2\/posts\/564","targetHints":{"allow":["GET"]}}],"collection":[{"href":"https:\/\/magyar-protestansok.de\/index.php?rest_route=\/wp\/v2\/posts"}],"about":[{"href":"https:\/\/magyar-protestansok.de\/index.php?rest_route=\/wp\/v2\/types\/post"}],"author":[{"embeddable":true,"href":"https:\/\/magyar-protestansok.de\/index.php?rest_route=\/wp\/v2\/users\/2"}],"replies":[{"embeddable":true,"href":"https:\/\/magyar-protestansok.de\/index.php?rest_route=%2Fwp%2Fv2%2Fcomments&post=564"}],"version-history":[{"count":0,"href":"https:\/\/magyar-protestansok.de\/index.php?rest_route=\/wp\/v2\/posts\/564\/revisions"}],"wp:attachment":[{"href":"https:\/\/magyar-protestansok.de\/index.php?rest_route=%2Fwp%2Fv2%2Fmedia&parent=564"}],"wp:term":[{"taxonomy":"category","embeddable":true,"href":"https:\/\/magyar-protestansok.de\/index.php?rest_route=%2Fwp%2Fv2%2Fcategories&post=564"},{"taxonomy":"post_tag","embeddable":true,"href":"https:\/\/magyar-protestansok.de\/index.php?rest_route=%2Fwp%2Fv2%2Ftags&post=564"}],"curies":[{"name":"wp","href":"https:\/\/api.w.org\/{rel}","templated":true}]}}