{"id":512,"date":"2015-10-25T23:54:54","date_gmt":"2015-10-25T21:54:54","guid":{"rendered":"http:\/\/magyar-protestansok.de\/?p=512"},"modified":"2015-10-25T23:54:54","modified_gmt":"2015-10-25T21:54:54","slug":"a-protestans-hirado-2015-oes-oktoberi-szama","status":"publish","type":"post","link":"https:\/\/magyar-protestansok.de\/?p=512","title":{"rendered":"A Protest\u00e1ns H\u00edrad\u00f3 2015-\u00f6s okt\u00f3beri sz\u00e1ma"},"content":{"rendered":"<h3>Kedves olvas\u00f3ink!<\/h3>\n<p>Megjelent a Protest\u00e1ns H\u00edrad\u00f3 idei okt\u00f3beri sz\u00e1ma. Itt (<a href=\"https:\/\/magyar-protestansok.de\/wp-content\/uploads\/2015\/10\/Korlevel-RajnaVesztfalia-oktober.pdf\">Korlevel-RajnaVesztfalia-oktober<\/a>) t\u00f6lthet\u0151 le.<\/p>\n","protected":false},"excerpt":{"rendered":"<p>Kedves olvas\u00f3ink! Megjelent a Protest\u00e1ns H\u00edrad\u00f3 idei okt\u00f3beri sz\u00e1ma. Itt (Korlevel-RajnaVesztfalia-oktober) t\u00f6lthet\u0151 le.<\/p>\n","protected":false},"author":2,"featured_media":0,"comment_status":"closed","ping_status":"open","sticky":false,"template":"","format":"standard","meta":{"om_disable_all_campaigns":false,"_monsterinsights_skip_tracking":false,"_monsterinsights_sitenote_active":false,"_monsterinsights_sitenote_note":"","_monsterinsights_sitenote_category":0,"_jetpack_memberships_contains_paid_content":false,"footnotes":""},"categories":[13],"tags":[],"class_list":{"0":"entry","1":"post","2":"publish","3":"author-tibi","4":"post-512","6":"format-standard","7":"category-allgemein-hu"},"aioseo_notices":[],"jetpack_featured_media_url":"","jetpack_sharing_enabled":true,"_links":{"self":[{"href":"https:\/\/magyar-protestansok.de\/index.php?rest_route=\/wp\/v2\/posts\/512","targetHints":{"allow":["GET"]}}],"collection":[{"href":"https:\/\/magyar-protestansok.de\/index.php?rest_route=\/wp\/v2\/posts"}],"about":[{"href":"https:\/\/magyar-protestansok.de\/index.php?rest_route=\/wp\/v2\/types\/post"}],"author":[{"embeddable":true,"href":"https:\/\/magyar-protestansok.de\/index.php?rest_route=\/wp\/v2\/users\/2"}],"replies":[{"embeddable":true,"href":"https:\/\/magyar-protestansok.de\/index.php?rest_route=%2Fwp%2Fv2%2Fcomments&post=512"}],"version-history":[{"count":0,"href":"https:\/\/magyar-protestansok.de\/index.php?rest_route=\/wp\/v2\/posts\/512\/revisions"}],"wp:attachment":[{"href":"https:\/\/magyar-protestansok.de\/index.php?rest_route=%2Fwp%2Fv2%2Fmedia&parent=512"}],"wp:term":[{"taxonomy":"category","embeddable":true,"href":"https:\/\/magyar-protestansok.de\/index.php?rest_route=%2Fwp%2Fv2%2Fcategories&post=512"},{"taxonomy":"post_tag","embeddable":true,"href":"https:\/\/magyar-protestansok.de\/index.php?rest_route=%2Fwp%2Fv2%2Ftags&post=512"}],"curies":[{"name":"wp","href":"https:\/\/api.w.org\/{rel}","templated":true}]}}