{"id":502,"date":"2015-09-17T08:39:23","date_gmt":"2015-09-17T06:39:23","guid":{"rendered":"http:\/\/magyar-protestansok.de\/?p=502"},"modified":"2015-09-17T08:39:23","modified_gmt":"2015-09-17T06:39:23","slug":"megjelent-a-protestans-hirado-2015-szeptember-decemberi-szama","status":"publish","type":"post","link":"https:\/\/magyar-protestansok.de\/?p=502","title":{"rendered":"Megjelent a Protest\u00e1ns Hirad\u00f3 2015 szeptember-decemberi sz\u00e1ma"},"content":{"rendered":"<h3>Tisztelt Olvas\u00f3ink!<\/h3>\n<p>\u00d6r\u00f6mmel tudatjuk, hogy megjelent a Rajna-Vesztf\u00e1liai Magyar Gy\u00fclekezet \u00c9rtes\u00edt\u0151je, a Protest\u00e1ns H\u00edrad\u00f3 2015 szeptember-decemberi sz\u00e1ma. Az \u00e9rtes\u00edt\u0151 itt t\u00f6lthet\u0151 le (pdf): <a href=\"https:\/\/magyar-protestansok.de\/wp-content\/uploads\/2015\/09\/PH-2015_szept-dec.pdf\">PH-2015_szept-dec.<\/a><\/p>\n<p>Tisztelettel:<\/p>\n<p>Admin<\/p>\n","protected":false},"excerpt":{"rendered":"<p>Tisztelt Olvas\u00f3ink! \u00d6r\u00f6mmel tudatjuk, hogy megjelent a Rajna-Vesztf\u00e1liai Magyar Gy\u00fclekezet \u00c9rtes\u00edt\u0151je, a Protest\u00e1ns H\u00edrad\u00f3 2015 szeptember-decemberi sz\u00e1ma. Az \u00e9rtes\u00edt\u0151 itt t\u00f6lthet\u0151 le (pdf): PH-2015_szept-dec. Tisztelettel: Admin<\/p>\n","protected":false},"author":2,"featured_media":0,"comment_status":"closed","ping_status":"open","sticky":false,"template":"","format":"standard","meta":{"om_disable_all_campaigns":false,"_monsterinsights_skip_tracking":false,"_monsterinsights_sitenote_active":false,"_monsterinsights_sitenote_note":"","_monsterinsights_sitenote_category":0,"_jetpack_memberships_contains_paid_content":false,"footnotes":""},"categories":[13],"tags":[],"class_list":{"0":"entry","1":"post","2":"publish","3":"author-tibi","4":"post-502","6":"format-standard","7":"category-allgemein-hu"},"aioseo_notices":[],"jetpack_featured_media_url":"","jetpack_sharing_enabled":true,"_links":{"self":[{"href":"https:\/\/magyar-protestansok.de\/index.php?rest_route=\/wp\/v2\/posts\/502","targetHints":{"allow":["GET"]}}],"collection":[{"href":"https:\/\/magyar-protestansok.de\/index.php?rest_route=\/wp\/v2\/posts"}],"about":[{"href":"https:\/\/magyar-protestansok.de\/index.php?rest_route=\/wp\/v2\/types\/post"}],"author":[{"embeddable":true,"href":"https:\/\/magyar-protestansok.de\/index.php?rest_route=\/wp\/v2\/users\/2"}],"replies":[{"embeddable":true,"href":"https:\/\/magyar-protestansok.de\/index.php?rest_route=%2Fwp%2Fv2%2Fcomments&post=502"}],"version-history":[{"count":0,"href":"https:\/\/magyar-protestansok.de\/index.php?rest_route=\/wp\/v2\/posts\/502\/revisions"}],"wp:attachment":[{"href":"https:\/\/magyar-protestansok.de\/index.php?rest_route=%2Fwp%2Fv2%2Fmedia&parent=502"}],"wp:term":[{"taxonomy":"category","embeddable":true,"href":"https:\/\/magyar-protestansok.de\/index.php?rest_route=%2Fwp%2Fv2%2Fcategories&post=502"},{"taxonomy":"post_tag","embeddable":true,"href":"https:\/\/magyar-protestansok.de\/index.php?rest_route=%2Fwp%2Fv2%2Ftags&post=502"}],"curies":[{"name":"wp","href":"https:\/\/api.w.org\/{rel}","templated":true}]}}