{"id":494,"date":"2015-07-10T11:24:59","date_gmt":"2015-07-10T09:24:59","guid":{"rendered":"http:\/\/magyar-protestansok.de\/?p=494"},"modified":"2015-07-10T11:24:59","modified_gmt":"2015-07-10T09:24:59","slug":"megjelent-az-ulmi-protestans-gyuelekezet-lapjanak-2015-oes-3-szama","status":"publish","type":"post","link":"https:\/\/magyar-protestansok.de\/?p=494","title":{"rendered":"Megjelent az Ulmi Protest\u00e1ns Gy\u00fclekezet lapj\u00e1nak 2015-\u00f6s 3. sz\u00e1ma"},"content":{"rendered":"<h3>Kedves gy\u00fclekezeti tagok, tisztelt olvas\u00f3ink!<\/h3>\n<p>Nagy \u00f6r\u00f6mmel tudatjuk, hogy megjelent az Ulmi Protest\u00e1ns Gy\u00fclekezet lapj\u00e1nak, A Hal-nak 2015-\u00f6s 3. sz\u00e1ma. Az aktu\u00e1lis lapsz\u00e1m let\u00f6lthet\u0151 itt: <a href=\"https:\/\/magyar-protestansok.de\/wp-content\/uploads\/2015\/07\/A-HAL-2015-3.pdf\">A-HAL-2015-3<\/a>.<\/p>\n","protected":false},"excerpt":{"rendered":"<p>Kedves gy\u00fclekezeti tagok, tisztelt olvas\u00f3ink! Nagy \u00f6r\u00f6mmel tudatjuk, hogy megjelent az Ulmi Protest\u00e1ns Gy\u00fclekezet lapj\u00e1nak, A Hal-nak 2015-\u00f6s 3. sz\u00e1ma. Az aktu\u00e1lis lapsz\u00e1m let\u00f6lthet\u0151 itt: A-HAL-2015-3.<\/p>\n","protected":false},"author":2,"featured_media":0,"comment_status":"closed","ping_status":"open","sticky":false,"template":"","format":"standard","meta":{"om_disable_all_campaigns":false,"_monsterinsights_skip_tracking":false,"_monsterinsights_sitenote_active":false,"_monsterinsights_sitenote_note":"","_monsterinsights_sitenote_category":0,"_jetpack_memberships_contains_paid_content":false,"footnotes":""},"categories":[13],"tags":[],"class_list":{"0":"entry","1":"post","2":"publish","3":"author-tibi","4":"post-494","6":"format-standard","7":"category-allgemein-hu"},"aioseo_notices":[],"jetpack_featured_media_url":"","jetpack_sharing_enabled":true,"_links":{"self":[{"href":"https:\/\/magyar-protestansok.de\/index.php?rest_route=\/wp\/v2\/posts\/494","targetHints":{"allow":["GET"]}}],"collection":[{"href":"https:\/\/magyar-protestansok.de\/index.php?rest_route=\/wp\/v2\/posts"}],"about":[{"href":"https:\/\/magyar-protestansok.de\/index.php?rest_route=\/wp\/v2\/types\/post"}],"author":[{"embeddable":true,"href":"https:\/\/magyar-protestansok.de\/index.php?rest_route=\/wp\/v2\/users\/2"}],"replies":[{"embeddable":true,"href":"https:\/\/magyar-protestansok.de\/index.php?rest_route=%2Fwp%2Fv2%2Fcomments&post=494"}],"version-history":[{"count":0,"href":"https:\/\/magyar-protestansok.de\/index.php?rest_route=\/wp\/v2\/posts\/494\/revisions"}],"wp:attachment":[{"href":"https:\/\/magyar-protestansok.de\/index.php?rest_route=%2Fwp%2Fv2%2Fmedia&parent=494"}],"wp:term":[{"taxonomy":"category","embeddable":true,"href":"https:\/\/magyar-protestansok.de\/index.php?rest_route=%2Fwp%2Fv2%2Fcategories&post=494"},{"taxonomy":"post_tag","embeddable":true,"href":"https:\/\/magyar-protestansok.de\/index.php?rest_route=%2Fwp%2Fv2%2Ftags&post=494"}],"curies":[{"name":"wp","href":"https:\/\/api.w.org\/{rel}","templated":true}]}}