{"id":482,"date":"2015-05-18T20:22:54","date_gmt":"2015-05-18T18:22:54","guid":{"rendered":"http:\/\/magyar-protestansok.de\/?p=482"},"modified":"2015-05-18T20:22:54","modified_gmt":"2015-05-18T18:22:54","slug":"neue-ausgabe-des-koerlevel","status":"publish","type":"post","link":"https:\/\/magyar-protestansok.de\/?p=482","title":{"rendered":"Neue Ausgabe des K\u00f6rlev\u00e9l"},"content":{"rendered":"<h3>Liebe Lesereinnen, liebe Leser,<\/h3>\n<p>die Ungarisch-Protestantische Gemeinde in Rheinland\/ Westfalen hat eine neue Ausgabe des Gemeindeblattes &#8222;K\u00f6rlev\u00e9l&#8221; (Rundbrief) ver\u00f6ffentlich. Die ungarischsprachige Ver\u00f6ffentlichung ist <a href=\"https:\/\/magyar-protestansok.de\/wp-content\/uploads\/2015\/05\/Korlevel-RajnaVesztfalia1.pdf\">hier<\/a> zu erreichen.<\/p>\n","protected":false},"excerpt":{"rendered":"<p>Liebe Lesereinnen, liebe Leser, die Ungarisch-Protestantische Gemeinde in Rheinland\/ Westfalen hat eine neue Ausgabe des Gemeindeblattes &#8222;K\u00f6rlev\u00e9l&#8221; (Rundbrief) ver\u00f6ffentlich. Die ungarischsprachige Ver\u00f6ffentlichung ist hier zu erreichen.<\/p>\n","protected":false},"author":2,"featured_media":0,"comment_status":"closed","ping_status":"open","sticky":false,"template":"","format":"standard","meta":{"om_disable_all_campaigns":false,"_monsterinsights_skip_tracking":false,"_monsterinsights_sitenote_active":false,"_monsterinsights_sitenote_note":"","_monsterinsights_sitenote_category":0,"_jetpack_memberships_contains_paid_content":false,"footnotes":""},"categories":[1],"tags":[],"class_list":{"0":"entry","1":"post","2":"publish","3":"author-tibi","4":"post-482","6":"format-standard","7":"category-allgemein"},"aioseo_notices":[],"jetpack_featured_media_url":"","jetpack_sharing_enabled":true,"_links":{"self":[{"href":"https:\/\/magyar-protestansok.de\/index.php?rest_route=\/wp\/v2\/posts\/482","targetHints":{"allow":["GET"]}}],"collection":[{"href":"https:\/\/magyar-protestansok.de\/index.php?rest_route=\/wp\/v2\/posts"}],"about":[{"href":"https:\/\/magyar-protestansok.de\/index.php?rest_route=\/wp\/v2\/types\/post"}],"author":[{"embeddable":true,"href":"https:\/\/magyar-protestansok.de\/index.php?rest_route=\/wp\/v2\/users\/2"}],"replies":[{"embeddable":true,"href":"https:\/\/magyar-protestansok.de\/index.php?rest_route=%2Fwp%2Fv2%2Fcomments&post=482"}],"version-history":[{"count":0,"href":"https:\/\/magyar-protestansok.de\/index.php?rest_route=\/wp\/v2\/posts\/482\/revisions"}],"wp:attachment":[{"href":"https:\/\/magyar-protestansok.de\/index.php?rest_route=%2Fwp%2Fv2%2Fmedia&parent=482"}],"wp:term":[{"taxonomy":"category","embeddable":true,"href":"https:\/\/magyar-protestansok.de\/index.php?rest_route=%2Fwp%2Fv2%2Fcategories&post=482"},{"taxonomy":"post_tag","embeddable":true,"href":"https:\/\/magyar-protestansok.de\/index.php?rest_route=%2Fwp%2Fv2%2Ftags&post=482"}],"curies":[{"name":"wp","href":"https:\/\/api.w.org\/{rel}","templated":true}]}}