{"id":478,"date":"2015-05-18T20:18:16","date_gmt":"2015-05-18T18:18:16","guid":{"rendered":"http:\/\/magyar-protestansok.de\/?p=478"},"modified":"2015-05-18T20:18:40","modified_gmt":"2015-05-18T18:18:40","slug":"megjelent-a-koerlevel-uj-szama","status":"publish","type":"post","link":"https:\/\/magyar-protestansok.de\/?p=478","title":{"rendered":"Megjelent a K\u00f6rlev\u00e9l \u00faj sz\u00e1ma"},"content":{"rendered":"<h3>Kedves olvas\u00f3ink!<\/h3>\n<p>\u00d6r\u00f6mmel tudatjuk, hogy megjelent a &#8222;K\u00f6rlev\u00e9l&#8221;, a Rajna-Vesztf\u00e1liai Magyar Protest\u00e1ns Gy\u00fclekezet h\u00edrlevele. A\u00a0h\u00edrlev\u00e9l <a href=\"https:\/\/magyar-protestansok.de\/wp-content\/uploads\/2015\/05\/Korlevel-RajnaVesztfalia.pdf\">itt<\/a> olvashat\u00f3.<\/p>\n","protected":false},"excerpt":{"rendered":"<p>Kedves olvas\u00f3ink! \u00d6r\u00f6mmel tudatjuk, hogy megjelent a &#8222;K\u00f6rlev\u00e9l&#8221;, a Rajna-Vesztf\u00e1liai Magyar Protest\u00e1ns Gy\u00fclekezet h\u00edrlevele. A\u00a0h\u00edrlev\u00e9l itt olvashat\u00f3.<\/p>\n","protected":false},"author":2,"featured_media":0,"comment_status":"closed","ping_status":"open","sticky":false,"template":"","format":"standard","meta":{"om_disable_all_campaigns":false,"_monsterinsights_skip_tracking":false,"_monsterinsights_sitenote_active":false,"_monsterinsights_sitenote_note":"","_monsterinsights_sitenote_category":0,"_jetpack_memberships_contains_paid_content":false,"footnotes":""},"categories":[13],"tags":[],"class_list":{"0":"entry","1":"post","2":"publish","3":"author-tibi","4":"post-478","6":"format-standard","7":"category-allgemein-hu"},"aioseo_notices":[],"jetpack_featured_media_url":"","jetpack_sharing_enabled":true,"_links":{"self":[{"href":"https:\/\/magyar-protestansok.de\/index.php?rest_route=\/wp\/v2\/posts\/478","targetHints":{"allow":["GET"]}}],"collection":[{"href":"https:\/\/magyar-protestansok.de\/index.php?rest_route=\/wp\/v2\/posts"}],"about":[{"href":"https:\/\/magyar-protestansok.de\/index.php?rest_route=\/wp\/v2\/types\/post"}],"author":[{"embeddable":true,"href":"https:\/\/magyar-protestansok.de\/index.php?rest_route=\/wp\/v2\/users\/2"}],"replies":[{"embeddable":true,"href":"https:\/\/magyar-protestansok.de\/index.php?rest_route=%2Fwp%2Fv2%2Fcomments&post=478"}],"version-history":[{"count":0,"href":"https:\/\/magyar-protestansok.de\/index.php?rest_route=\/wp\/v2\/posts\/478\/revisions"}],"wp:attachment":[{"href":"https:\/\/magyar-protestansok.de\/index.php?rest_route=%2Fwp%2Fv2%2Fmedia&parent=478"}],"wp:term":[{"taxonomy":"category","embeddable":true,"href":"https:\/\/magyar-protestansok.de\/index.php?rest_route=%2Fwp%2Fv2%2Fcategories&post=478"},{"taxonomy":"post_tag","embeddable":true,"href":"https:\/\/magyar-protestansok.de\/index.php?rest_route=%2Fwp%2Fv2%2Ftags&post=478"}],"curies":[{"name":"wp","href":"https:\/\/api.w.org\/{rel}","templated":true}]}}