{"id":440,"date":"2014-10-11T20:24:05","date_gmt":"2014-10-11T18:24:05","guid":{"rendered":"http:\/\/magyar-protestansok.de\/?p=440"},"modified":"2014-10-11T20:24:05","modified_gmt":"2014-10-11T18:24:05","slug":"a-hal-20144-es-szama","status":"publish","type":"post","link":"https:\/\/magyar-protestansok.de\/?p=440","title":{"rendered":"A Hal 2014\/4-es sz\u00e1ma"},"content":{"rendered":"<h1>Tisztelt olvas\u00f3,<\/h1>\n<p>megjelent A Hal 2014\/4-es sz\u00e1ma. A gy\u00fclekezeti lap aktu\u00e1lis kiad\u00e1s\u00e1t <a title=\"A HAL 2014\/4\" href=\"https:\/\/magyar-protestansok.de\/wp-content\/uploads\/2014\/10\/A-HAL-2014-41.pdf\" target=\"_blank\">itt<\/a> olvashatja.<\/p>\n<p>Webmester<\/p>\n","protected":false},"excerpt":{"rendered":"<p>Tisztelt olvas\u00f3, megjelent A Hal 2014\/4-es sz\u00e1ma. A gy\u00fclekezeti lap aktu\u00e1lis kiad\u00e1s\u00e1t itt olvashatja. Webmester<\/p>\n","protected":false},"author":2,"featured_media":0,"comment_status":"closed","ping_status":"open","sticky":false,"template":"","format":"standard","meta":{"om_disable_all_campaigns":false,"_monsterinsights_skip_tracking":false,"_monsterinsights_sitenote_active":false,"_monsterinsights_sitenote_note":"","_monsterinsights_sitenote_category":0,"_jetpack_memberships_contains_paid_content":false,"footnotes":""},"categories":[13],"tags":[],"class_list":{"0":"entry","1":"post","2":"publish","3":"author-tibi","4":"post-440","6":"format-standard","7":"category-allgemein-hu"},"aioseo_notices":[],"jetpack_featured_media_url":"","jetpack_sharing_enabled":true,"_links":{"self":[{"href":"https:\/\/magyar-protestansok.de\/index.php?rest_route=\/wp\/v2\/posts\/440","targetHints":{"allow":["GET"]}}],"collection":[{"href":"https:\/\/magyar-protestansok.de\/index.php?rest_route=\/wp\/v2\/posts"}],"about":[{"href":"https:\/\/magyar-protestansok.de\/index.php?rest_route=\/wp\/v2\/types\/post"}],"author":[{"embeddable":true,"href":"https:\/\/magyar-protestansok.de\/index.php?rest_route=\/wp\/v2\/users\/2"}],"replies":[{"embeddable":true,"href":"https:\/\/magyar-protestansok.de\/index.php?rest_route=%2Fwp%2Fv2%2Fcomments&post=440"}],"version-history":[{"count":0,"href":"https:\/\/magyar-protestansok.de\/index.php?rest_route=\/wp\/v2\/posts\/440\/revisions"}],"wp:attachment":[{"href":"https:\/\/magyar-protestansok.de\/index.php?rest_route=%2Fwp%2Fv2%2Fmedia&parent=440"}],"wp:term":[{"taxonomy":"category","embeddable":true,"href":"https:\/\/magyar-protestansok.de\/index.php?rest_route=%2Fwp%2Fv2%2Fcategories&post=440"},{"taxonomy":"post_tag","embeddable":true,"href":"https:\/\/magyar-protestansok.de\/index.php?rest_route=%2Fwp%2Fv2%2Ftags&post=440"}],"curies":[{"name":"wp","href":"https:\/\/api.w.org\/{rel}","templated":true}]}}