{"id":219,"date":"2013-12-16T21:46:58","date_gmt":"2013-12-16T19:46:58","guid":{"rendered":"http:\/\/magyar-protestansok.de\/?p=219"},"modified":"2014-06-29T23:31:04","modified_gmt":"2014-06-29T21:31:04","slug":"hauptversammmlung","status":"publish","type":"post","link":"https:\/\/magyar-protestansok.de\/?p=219","title":{"rendered":"Hauptversammmlung"},"content":{"rendered":"<p>Am 02.12.2013 fand in Hannover in den R\u00e4umlichkeiten der EKD die diesj\u00e4hrige Hauptversammlung des Vereins statt.<\/p>\n<p>Es waren ca. 40 Delegierte der Mitgliedsgemeinden anwesend. Es wurde \u00fcber das Leben der Gemeinden im letzten Jahr berichtet. Des Weiteren wurde das Budget f\u00fcr das Jahr 2014 verabschiedet.<\/p>\n<p>Wir freuen uns die Gemeinde aus Berlin als neues Mitglied begr\u00fc\u00dfen zu d\u00fcrfen.<\/p>\n<p>Im Namen der Ungarischen Ev.-Ref, Kirche war Bal\u00e1zs \u00d3dor, der Leiter des B\u00fcros f\u00fcr Auslandsangelegenheiten anwesend.<\/p>\n<p><img loading=\"lazy\" decoding=\"async\" src=\"https:\/\/magyar-protestansok.de\/wp-content\/uploads\/2013\/12\/20131202_kozgyules_scaled.jpg\" alt=\"Delegierte der Hauptversammlung 213\" width=\"800\" height=\"306\" \/><\/p>\n","protected":false},"excerpt":{"rendered":"<p>Am 02.12.2013 fand in Hannover in den R\u00e4umlichkeiten der EKD die diesj\u00e4hrige Hauptversammlung des Vereins statt. Es waren ca. 40 Delegierte der Mitgliedsgemeinden anwesend. Es wurde \u00fcber das Leben der Gemeinden im letzten Jahr berichtet. Des Weiteren wurde das Budget f\u00fcr das Jahr 2014 verabschiedet. Wir freuen uns die Gemeinde aus Berlin als neues Mitglied &#8230; <span class=\"more\"><a class=\"more-link\" href=\"https:\/\/magyar-protestansok.de\/?p=219\">[Tov\u00e1bb\/ Weiter&#8230;]<\/a><\/span><\/p>\n","protected":false},"author":2,"featured_media":0,"comment_status":"closed","ping_status":"open","sticky":false,"template":"","format":"standard","meta":{"om_disable_all_campaigns":false,"_monsterinsights_skip_tracking":false,"_monsterinsights_sitenote_active":false,"_monsterinsights_sitenote_note":"","_monsterinsights_sitenote_category":0,"_jetpack_memberships_contains_paid_content":false,"footnotes":""},"categories":[1,34],"tags":[],"class_list":{"0":"entry","1":"post","2":"publish","3":"author-tibi","4":"post-219","6":"format-standard","7":"category-allgemein","8":"category-versammlungen"},"aioseo_notices":[],"jetpack_featured_media_url":"","jetpack_sharing_enabled":true,"_links":{"self":[{"href":"https:\/\/magyar-protestansok.de\/index.php?rest_route=\/wp\/v2\/posts\/219","targetHints":{"allow":["GET"]}}],"collection":[{"href":"https:\/\/magyar-protestansok.de\/index.php?rest_route=\/wp\/v2\/posts"}],"about":[{"href":"https:\/\/magyar-protestansok.de\/index.php?rest_route=\/wp\/v2\/types\/post"}],"author":[{"embeddable":true,"href":"https:\/\/magyar-protestansok.de\/index.php?rest_route=\/wp\/v2\/users\/2"}],"replies":[{"embeddable":true,"href":"https:\/\/magyar-protestansok.de\/index.php?rest_route=%2Fwp%2Fv2%2Fcomments&post=219"}],"version-history":[{"count":0,"href":"https:\/\/magyar-protestansok.de\/index.php?rest_route=\/wp\/v2\/posts\/219\/revisions"}],"wp:attachment":[{"href":"https:\/\/magyar-protestansok.de\/index.php?rest_route=%2Fwp%2Fv2%2Fmedia&parent=219"}],"wp:term":[{"taxonomy":"category","embeddable":true,"href":"https:\/\/magyar-protestansok.de\/index.php?rest_route=%2Fwp%2Fv2%2Fcategories&post=219"},{"taxonomy":"post_tag","embeddable":true,"href":"https:\/\/magyar-protestansok.de\/index.php?rest_route=%2Fwp%2Fv2%2Ftags&post=219"}],"curies":[{"name":"wp","href":"https:\/\/api.w.org\/{rel}","templated":true}]}}